{"id":145895,"date":"2024-12-25T19:30:00","date_gmt":"2024-12-25T17:30:00","guid":{"rendered":"https:\/\/podcast.rs\/mater-medju-tetkama-sa-sajsi-mc-tetke-s05-e01\/"},"modified":"2024-12-25T19:30:00","modified_gmt":"2024-12-25T17:30:00","slug":"mater-medju-tetkama-sa-sajsi-mc-tetke-s05-e01","status":"publish","type":"post","link":"https:\/\/podcast.rs\/en\/mater-medju-tetkama-sa-sajsi-mc-tetke-s05-e01\/","title":{"rendered":"Mater me\u0111u Tetkama (sa Sajsi MC) \/ TETKE \/ S05 E01"},"content":{"rendered":"<p>\nNova je sezona, nove su i Tetke, a bogami nova je i Sajsi. Va\u0161 omiljeni gej podkast se vra\u0107a, i to u video-formatu. Na ve\u0107u Tetaka jednoglasno je odlu\u010deno da video-sezonu otvorimo zajedno sa na\u0161om prvom po\u010dasnom Tetkom, kumom Evroprajda 2022. godine, najboljom reperkom na svetu, a i \u0161ire, a i na\u0161om ve\u0107 sad dragom prijateljicom, Sajsi MC (@\u2060<a href=\"https:\/\/www.instagram.com\/sajsimcofficial\" target=\"_blank\" rel=\"ugc noopener noreferrer\">sajsimcofficial\u2060<\/a>), sa kojom smo pri\u010dale o stvarala\u0161tvu, albumu \u201eMater\u201d, njenom velikom koncertu u Zappa Bazi 27. decembra, a vala i o njenom hap\u0161enju nakon izlaska njenog debitantskog solo albuma \u201eDaleko je Dizni\u201d.<\/p>\n<\/p>\n<p>Od ove sezone podkast Tetke mo\u017eete podr\u017eati i na platformi Patreon: <a href=\"https:\/\/www.patreon.com\/TetkePodkast\" target=\"_blank\" rel=\"ugc noopener noreferrer\">Tetke Podkast | Patreon<\/a><\/p>\n<\/p>\n<p>\ud83c\udf99\ufe0f hosts \ud83c\udf99\ufe0f @\u2060<a href=\"https:\/\/www.instagram.com\/alexisplastic\" target=\"_blank\" rel=\"ugc noopener noreferrer\">alexisplastic <\/a>\u2060\/ @\u2060<a href=\"https:\/\/www.instagram.com\/vojinovic.jpg\" target=\"_blank\" rel=\"ugc noopener noreferrer\">vojinovic.jpg<\/a>\u2060 \/ @\u2060<a href=\"https:\/\/www.instagram.com\/sunnoka\" target=\"_blank\" rel=\"ugc noopener noreferrer\">sunnoka\u2060<\/a><\/p>\n<\/p>\n<p>\ud83d\udcfd\ufe0f\ud83c\udfac camera &#038; editing \ud83d\udcfd\ufe0f\ud83c\udfac @\u2060<a href=\"https:\/\/www.instagram.com\/simin.ilja\" target=\"_blank\" rel=\"ugc noopener noreferrer\">simin.ilja\u2060<\/a><\/p>\n<\/p>\n<p>\ud83c\udf9e\ufe0f opening sequence \ud83c\udf9e\ufe0f @<a href=\"https:\/\/www.instagram.com\/vladimir.bmp\" target=\"_blank\" rel=\"ugc noopener noreferrer\">\u2060vladimir.bmp\u2060<\/a><\/p>\n<\/p>\n<p>\ud83d\udce2 BOLD program (@\u2060<a href=\"https:\/\/www.instagram.com\/boldserbia\" target=\"_blank\" rel=\"ugc noopener noreferrer\">boldserbia\u2060<\/a>) sprovode Ambasada Sjedinjenih Ameri\u010dkih Dr\u017eava u Beogradu (@\u2060<a href=\"https:\/\/www.instagram.com\/usembassyserbia\" target=\"_blank\" rel=\"ugc noopener noreferrer\">usembassyserbia\u2060<\/a>) i Asocijacija za Afirmaciju Kulture ASK (@<a href=\"https:\/\/www.instagram.com\/afirmacija_kulture\" target=\"_blank\" rel=\"ugc noopener noreferrer\">\u2060afirmacija_kulture<\/a>\u2060). \ud83d\udce2<\/p>\n<\/p>\n<p>\u2757\ufe0f Sadr\u017eaj i stavovi izre\u010deni u okviru projekta isklju\u010diva su odgovornost nosioca projekta. \u2757\ufe0f<\/p>","protected":false},"excerpt":{"rendered":"<p>Nova je sezona, nove su i Tetke, a bogami nova je i Sajsi. Va\u0161 omiljeni gej podkast se vra\u0107a, i to u video-formatu. Na ve\u0107u Tetaka jednoglasno je odlu\u010deno da video-sezonu otvorimo zajedno sa na\u0161om prvom po\u010dasnom Tetkom, kumom Evroprajda 2022. godine, najboljom reperkom na svetu, a i \u0161ire, a i na\u0161om ve\u0107 sad dragom&#8230;<\/p>","protected":false},"author":6,"featured_media":145892,"comment_status":"","ping_status":"closed","sticky":false,"template":"","format":"standard","meta":{"footnotes":""},"categories":[645],"tags":[],"class_list":["post-145895","post","type-post","status-publish","format-standard","has-post-thumbnail","hentry","category-tetke"],"_links":{"self":[{"href":"https:\/\/podcast.rs\/en\/wp-json\/wp\/v2\/posts\/145895","targetHints":{"allow":["GET"]}}],"collection":[{"href":"https:\/\/podcast.rs\/en\/wp-json\/wp\/v2\/posts"}],"about":[{"href":"https:\/\/podcast.rs\/en\/wp-json\/wp\/v2\/types\/post"}],"author":[{"embeddable":true,"href":"https:\/\/podcast.rs\/en\/wp-json\/wp\/v2\/users\/6"}],"replies":[{"embeddable":true,"href":"https:\/\/podcast.rs\/en\/wp-json\/wp\/v2\/comments?post=145895"}],"version-history":[{"count":0,"href":"https:\/\/podcast.rs\/en\/wp-json\/wp\/v2\/posts\/145895\/revisions"}],"wp:featuredmedia":[{"embeddable":true,"href":"https:\/\/podcast.rs\/en\/wp-json\/wp\/v2\/media\/145892"}],"wp:attachment":[{"href":"https:\/\/podcast.rs\/en\/wp-json\/wp\/v2\/media?parent=145895"}],"wp:term":[{"taxonomy":"category","embeddable":true,"href":"https:\/\/podcast.rs\/en\/wp-json\/wp\/v2\/categories?post=145895"},{"taxonomy":"post_tag","embeddable":true,"href":"https:\/\/podcast.rs\/en\/wp-json\/wp\/v2\/tags?post=145895"}],"curies":[{"name":"wp","href":"https:\/\/api.w.org\/{rel}","templated":true}]}}