{"id":145847,"date":"2024-12-27T09:10:00","date_gmt":"2024-12-27T07:10:00","guid":{"rendered":"https:\/\/podcast.rs\/s02-e08-predsednice-sta-vam-ovo-treba\/"},"modified":"2024-12-27T09:10:00","modified_gmt":"2024-12-27T07:10:00","slug":"s02-e08-predsednice-sta-vam-ovo-treba","status":"publish","type":"post","link":"https:\/\/podcast.rs\/en\/s02-e08-predsednice-sta-vam-ovo-treba\/","title":{"rendered":"S02 E08: Predsedni\u010de, \u0161ta vam ovo treba?"},"content":{"rendered":"<p>U poslednjoj ovogodi\u0161njoj emisiji podkasta Vremena \u201eOva situacija\u201c Filip \u0160varm, \u017deljko Bodro\u017ei\u0107 i Sloba Georgiev komentari\u0161u skup pod\u0161ke studentima na Slaviji, najve\u0107i protest gra\u0111ana u poslednjih 20 godina, na kome je 100.000 gra\u0111ana reklo Vu\u010di\u0107u da je vreme da ode.<\/p>\n<p>Pitaju se za\u0161to je Vu\u0107i\u0107 danima zabrinut i neraspolo\u017een i za\u0161to izgleda da ga vi\u0161e niko ne razume, a za\u0161to BIA studente poziva \u201eprijateljske razgovore\u201c? <\/p>\n<p>Kako do politi\u010dke artikulacije pobune koja se valja ulicama Srbije, da li je re\u0161enje prelazna Vlada, Vlada u senci ili \u201eDEPOS 3\u201c I da li \u0107emo kona\u010dno dobiti kompetentan sastav REM-a? <\/p>\n<p>Label and copyright: N.P. Vreme<\/p>","protected":false},"excerpt":{"rendered":"<p>U poslednjoj ovogodi\u0161njoj emisiji podkasta Vremena \u201eOva situacija\u201c Filip \u0160varm, \u017deljko Bodro\u017ei\u0107 i Sloba Georgiev komentari\u0161u skup pod\u0161ke studentima na Slaviji, najve\u0107i protest gra\u0111ana u poslednjih 20 godina, na kome je 100.000 gra\u0111ana reklo Vu\u010di\u0107u da je vreme da ode. Pitaju se za\u0161to je Vu\u0107i\u0107 danima zabrinut i neraspolo\u017een i za\u0161to izgleda da ga vi\u0161e&#8230;<\/p>","protected":false},"author":3,"featured_media":99146,"comment_status":"","ping_status":"closed","sticky":false,"template":"","format":"standard","meta":{"footnotes":""},"categories":[582],"tags":[],"class_list":["post-145847","post","type-post","status-publish","format-standard","has-post-thumbnail","hentry","category-ova-situacija"],"_links":{"self":[{"href":"https:\/\/podcast.rs\/en\/wp-json\/wp\/v2\/posts\/145847","targetHints":{"allow":["GET"]}}],"collection":[{"href":"https:\/\/podcast.rs\/en\/wp-json\/wp\/v2\/posts"}],"about":[{"href":"https:\/\/podcast.rs\/en\/wp-json\/wp\/v2\/types\/post"}],"author":[{"embeddable":true,"href":"https:\/\/podcast.rs\/en\/wp-json\/wp\/v2\/users\/3"}],"replies":[{"embeddable":true,"href":"https:\/\/podcast.rs\/en\/wp-json\/wp\/v2\/comments?post=145847"}],"version-history":[{"count":0,"href":"https:\/\/podcast.rs\/en\/wp-json\/wp\/v2\/posts\/145847\/revisions"}],"wp:featuredmedia":[{"embeddable":true,"href":"https:\/\/podcast.rs\/en\/wp-json\/wp\/v2\/media\/99146"}],"wp:attachment":[{"href":"https:\/\/podcast.rs\/en\/wp-json\/wp\/v2\/media?parent=145847"}],"wp:term":[{"taxonomy":"category","embeddable":true,"href":"https:\/\/podcast.rs\/en\/wp-json\/wp\/v2\/categories?post=145847"},{"taxonomy":"post_tag","embeddable":true,"href":"https:\/\/podcast.rs\/en\/wp-json\/wp\/v2\/tags?post=145847"}],"curies":[{"name":"wp","href":"https:\/\/api.w.org\/{rel}","templated":true}]}}