{"id":144314,"date":"2024-12-06T08:38:38","date_gmt":"2024-12-06T06:38:38","guid":{"rendered":"https:\/\/podcast.rs\/halin-podcast-gost-maja-smiljkovic-clanica-planinarskog-drustva-vukan\/"},"modified":"2024-12-06T08:38:38","modified_gmt":"2024-12-06T06:38:38","slug":"halin-podcast-gost-maja-smiljkovic-clanica-planinarskog-drustva-vukan","status":"publish","type":"post","link":"https:\/\/podcast.rs\/en\/halin-podcast-gost-maja-smiljkovic-clanica-planinarskog-drustva-vukan\/","title":{"rendered":"Halin Podcast &#8211; Gost Maja Smiljkovi\u0107, \u010dlanica Planinarskog dru\u0161tva Vukan"},"content":{"rendered":"<p>U \u010detvrtoj epizodi Halinog Podcasta ugostili smo Maju Smiljkovi\u0107, \u010dlanicu Planinarskog dru\u0161tva Vukan.<\/p><\/p>","protected":false},"excerpt":{"rendered":"<p>U \u010detvrtoj epizodi Halinog Podcasta ugostili smo Maju Smiljkovi\u0107, \u010dlanicu Planinarskog dru\u0161tva Vukan.<\/p>","protected":false},"author":3,"featured_media":140501,"comment_status":"","ping_status":"closed","sticky":false,"template":"","format":"standard","meta":{"footnotes":""},"categories":[638],"tags":[],"class_list":["post-144314","post","type-post","status-publish","format-standard","has-post-thumbnail","hentry","category-halin-podcast"],"_links":{"self":[{"href":"https:\/\/podcast.rs\/en\/wp-json\/wp\/v2\/posts\/144314","targetHints":{"allow":["GET"]}}],"collection":[{"href":"https:\/\/podcast.rs\/en\/wp-json\/wp\/v2\/posts"}],"about":[{"href":"https:\/\/podcast.rs\/en\/wp-json\/wp\/v2\/types\/post"}],"author":[{"embeddable":true,"href":"https:\/\/podcast.rs\/en\/wp-json\/wp\/v2\/users\/3"}],"replies":[{"embeddable":true,"href":"https:\/\/podcast.rs\/en\/wp-json\/wp\/v2\/comments?post=144314"}],"version-history":[{"count":0,"href":"https:\/\/podcast.rs\/en\/wp-json\/wp\/v2\/posts\/144314\/revisions"}],"wp:featuredmedia":[{"embeddable":true,"href":"https:\/\/podcast.rs\/en\/wp-json\/wp\/v2\/media\/140501"}],"wp:attachment":[{"href":"https:\/\/podcast.rs\/en\/wp-json\/wp\/v2\/media?parent=144314"}],"wp:term":[{"taxonomy":"category","embeddable":true,"href":"https:\/\/podcast.rs\/en\/wp-json\/wp\/v2\/categories?post=144314"},{"taxonomy":"post_tag","embeddable":true,"href":"https:\/\/podcast.rs\/en\/wp-json\/wp\/v2\/tags?post=144314"}],"curies":[{"name":"wp","href":"https:\/\/api.w.org\/{rel}","templated":true}]}}