{"id":140911,"date":"2024-11-18T18:00:00","date_gmt":"2024-11-18T16:00:00","guid":{"rendered":"https:\/\/podcast.rs\/borenovic-zgrada-uio-ce-postati-simbol-bahatosti-direktno-sa-vildanom\/"},"modified":"2026-04-28T00:36:18","modified_gmt":"2026-04-27T22:36:18","slug":"borenovic-zgrada-uio-ce-postati-simbol-bahatosti-direktno-sa-vildanom","status":"publish","type":"post","link":"https:\/\/podcast.rs\/en\/borenovic-zgrada-uio-ce-postati-simbol-bahatosti-direktno-sa-vildanom\/","title":{"rendered":"Borenovi\u0107: Zgrada UIO \u0107e postati simbol bahatosti &#8211; Direktno sa Vildanom\u00a0"},"content":{"rendered":"<p><a target=\"_blank\" href=\"https:\/\/www.buzzsprout.com\/2151425\/fan_mail\/new\">Send us Fan Mail<\/a><\/p>\n<p>Problemima u na\u0161oj zemlji nikad kraja: taman kad se vladaju\u0107a ve\u0107ina na dr\u017eavnom nivou uspjela sastati i obe\u0107ati &#8211; makar i smrznuti &#8211; novi sastanak, uslijedio je ledeni tu\u0161, u <a href='https:\/\/www.oslobodjenje.ba\/tag\/dom-naroda'><b>Domu naroda Parlamenta Bosne i Hercegovine<\/b><\/a> nije bilo ve\u0107ine. Do potresa je do\u0161lo u klubovima hrvatskog i srpskog naroda. Iz <a href='https:\/\/www.oslobodjenje.ba\/tag\/snsd'><b>SNSD-a<\/b><\/a> po\u017eurili su da optu\u017ee opoziciju u Republici Srpskoj, koju tituliraju manjinskom voljom srpskog naroda, da pravi neprincipijelne dilove sa Bo\u0161njacima, dok je lider <a href='https:\/\/www.oslobodjenje.ba\/tag\/hdz-0'><b>HDZ-a<\/b><\/a> Dragan \u010covi\u0107 na\u010das prestao biti optimista i \u010dak ustvrdio da ve\u0107ina uop\u0107e ne postoji. No, 24 sata kasnije lideri stranaka ve\u0107ine sastali su se u Banjoj Luci, pohvalili dogovorima o evropskom putu Bosne i Hercegovine, a onda je i <a href='https:\/\/www.oslobodjenje.ba\/tag\/vijece-ministara-0'><b>Vije\u0107e ministara<\/b><\/a> demonstriralo da umije donositi odluke. \u0160ta se de\u0161ava?<\/p>\n<p>S nama je u novoj epizodi podcasta <a href='https:\/\/www.oslobodjenje.ba\/tag\/direktno-sa-vildanom'><b>Direktno sa Vildanom Selimbegovi\u0107<\/b><\/a>, dr\u017eavni poslanik i lider Partije demokratskog progresa <a href='https:\/\/www.oslobodjenje.ba\/tag\/branislav-borenovic'><b>Branislav Borenovi\u0107<\/b><\/a>.\u00a0<\/p>\n<p>Kako komentiri\u0161e posljednja de\u0161avanja u Domu naroda? Mo\u017eemo li sada o\u010dekivati napredak ka Evropskoj uniji? Gdje je na\u0161e mjesto pod suncem &#8211; u Evropskoj uniji ili BRIKS-u?<\/p>\n<p><a rel=\"payment\" href=\"https:\/\/www.buzzsprout.com\/2151425\/support\">Support the show<\/a><\/p>\n<p>\u010citajte nas na: <a href='https:\/\/www.youtube.com\/redirect?event=video_description&amp;redir_token=QUFFLUhqbG1GOTJCYkg1aENERDhaYVQ1TFlRNGlQOFlMd3xBQ3Jtc0ttQUxLRmRtTXZsSm1mNjVaS0ZIVkt2d19fT1ZubGZkYzlSZk95T05YTUQ4RzlMWTFrTzBxaklMU3JMUzVpTGhWLXRRaUVpb29nOVFyd1J1UDM4WTBWNGVWSTRjeVI5Q0RvQ05qOUphQndLVV94RXF1RQ&amp;q=https%3A%2F%2Fwww.oslobodjenje.ba%2F&amp;v=ogUzzAgGjzE'>https:\/\/www.oslobodjenje.ba<\/a>\u00a0 \u00a0 FB :<a href='https:\/\/www.youtube.com\/redirect?event=video_description&amp;redir_token=QUFFLUhqa3VQQWdEWkQ5VlIyaXROWWpVeWxYUWNYR1ZEQXxBQ3Jtc0trTGx6UmQwTXdRLXRPNnowUGtBVmw3TzJ0QmtIb1B0ck1CT3hWU0V3a0JFOHVfMkJ1VDhTLXc4TUJXWDhWekU0UXQxYm1Va2wtM3dyQ1djTnU2djFtejBxcEg0QzJxTHhZNmpFejhCWWlRdE5YVFpwSQ&amp;q=https%3A%2F%2Fwww.facebook.com%2Foslobodjenjeba&amp;v=ogUzzAgGjzE'>https:\/\/www.facebook.com\/oslobodjenjeba<\/a>\u00a0 IG: <a href='https:\/\/www.youtube.com\/redirect?event=video_description&amp;redir_token=QUFFLUhqa1FsNjMtdmUtTS1vWUg5em5zaEpzOUdIOGhnd3xBQ3Jtc0ttdDB1SlRSVS1RTjRUZUtNODMxYnBJTnV2b0ItdjIzOEJCSVVpWXRIV1RSdmxPWC1DOFU3TVV4RmxNdW5nRkV6cE1ScXVjdTlvcDhYeEptNEszN1V1Q042eWpDOTZrTzk5ckQ1R2g3Nl9nWEt1OU5MWQ&amp;q=https%3A%2F%2Fwww.instagram.com%2Foslobodjenje.ba&amp;v=ogUzzAgGjzE'><a href=\"https:\/\/www.instagram.com\/oslobodjenj\" rel=\"nofollow\">https:\/\/www.instagram.com\/oslobodjenj<\/a>&#8230;<\/a>\u00a0 Twitter: <a href='https:\/\/www.youtube.com\/redirect?event=video_description&amp;redir_token=QUFFLUhqbVJvekE3SjJjbkVfT2xuR0ROekRPNVlfQ2EwZ3xBQ3Jtc0tsNDNVdW1ENDZqUHI3UW52S2NVU2VDcWxFLVJSczZjRnlfYjI1dHpfRERPcTJybkZJSThDME9rYVRUMk0zYnNMNFVJRktyNS0wTk9qaFVDQ2diLTBVMGl2RUxtZUFscGptYUxrbGF2X2NoRmsxdHVQOA&amp;q=https%3A%2F%2Ftwitter.com%2Foslobodjenjeba&amp;v=ogUzzAgGjzE'>&#8230;<\/a><\/p>","protected":false},"excerpt":{"rendered":"<p>Send us Fan Mail Problemima u na\u0161oj zemlji nikad kraja: taman kad se vladaju\u0107a ve\u0107ina na dr\u017eavnom nivou uspjela sastati i obe\u0107ati &#8211; makar i smrznuti &#8211; novi sastanak, uslijedio je ledeni tu\u0161, u Domu naroda Parlamenta Bosne i Hercegovine nije bilo ve\u0107ine. Do potresa je do\u0161lo u klubovima hrvatskog i srpskog naroda. Iz SNSD-a&#8230;<\/p>","protected":false},"author":4,"featured_media":140912,"comment_status":"closed","ping_status":"closed","sticky":false,"template":"","format":"standard","meta":{"footnotes":""},"categories":[610],"tags":[],"class_list":["post-140911","post","type-post","status-publish","format-standard","has-post-thumbnail","hentry","category-oslobodjenje-podcast"],"_links":{"self":[{"href":"https:\/\/podcast.rs\/en\/wp-json\/wp\/v2\/posts\/140911","targetHints":{"allow":["GET"]}}],"collection":[{"href":"https:\/\/podcast.rs\/en\/wp-json\/wp\/v2\/posts"}],"about":[{"href":"https:\/\/podcast.rs\/en\/wp-json\/wp\/v2\/types\/post"}],"author":[{"embeddable":true,"href":"https:\/\/podcast.rs\/en\/wp-json\/wp\/v2\/users\/4"}],"replies":[{"embeddable":true,"href":"https:\/\/podcast.rs\/en\/wp-json\/wp\/v2\/comments?post=140911"}],"version-history":[{"count":43,"href":"https:\/\/podcast.rs\/en\/wp-json\/wp\/v2\/posts\/140911\/revisions"}],"predecessor-version":[{"id":684771,"href":"https:\/\/podcast.rs\/en\/wp-json\/wp\/v2\/posts\/140911\/revisions\/684771"}],"wp:featuredmedia":[{"embeddable":true,"href":"https:\/\/podcast.rs\/en\/wp-json\/wp\/v2\/media\/140912"}],"wp:attachment":[{"href":"https:\/\/podcast.rs\/en\/wp-json\/wp\/v2\/media?parent=140911"}],"wp:term":[{"taxonomy":"category","embeddable":true,"href":"https:\/\/podcast.rs\/en\/wp-json\/wp\/v2\/categories?post=140911"},{"taxonomy":"post_tag","embeddable":true,"href":"https:\/\/podcast.rs\/en\/wp-json\/wp\/v2\/tags?post=140911"}],"curies":[{"name":"wp","href":"https:\/\/api.w.org\/{rel}","templated":true}]}}