{"id":140412,"date":"2024-11-13T01:00:00","date_gmt":"2024-11-13T00:00:00","guid":{"rendered":"https:\/\/podcast.rs\/?p=140412"},"modified":"2024-11-14T00:49:22","modified_gmt":"2024-11-13T22:49:22","slug":"novosadski-protesti-hapsenja-aktivista-i-goran-jesic-kao-neocekivana-sila-njuz-podkast-ep166","status":"publish","type":"post","link":"https:\/\/podcast.rs\/en\/novosadski-protesti-hapsenja-aktivista-i-goran-jesic-kao-neocekivana-sila-njuz-podkast-ep166\/","title":{"rendered":"Novosadski protesti, hap\u0161enja aktivista i Goran Je\u0161i\u0107 kao neo\u010dekivana sila : Njuz PODkast EP166"},"content":{"rendered":"<p>Proteklu nedelju su obele\u017eili protesti u Novom Sadu i Beogradu, hap\u0161enje aktivista i pritvaranje, pu\u0161tanje na slobodu i ponovno hap\u0161enje Gorana Je\u0161i\u0107a. Tu je i Vesi\u0107a ostavka, kao i svi poku\u0161aji vlasti da se skrene pa\u017enja na 14 poginulih u padu nadstre\u0161nice na \u017eelezni\u010dkoj stanici u Novom Sadu. <\/p>\n<p>Novi tekst na Markovom blogu o tr\u010danju  \ud83d\udc49 https:\/\/maratonski.rs\/2024\/10\/30\/okean-talasi-i-zastava-na-cilju\/<\/p>\n<p>\ud83d\udcbb Posetite platformu #BoljiOnline i saznajte kako internet mo\u017ee postati bolje i sigurnije mesto za sve \ud83d\udc49 www.boljionline.rs<\/p>\n<p>\ud83d\udecd\ufe0f U toku je mesec popusta na Ananasu. Posetite sajt, zavrtite kolo sre\u0107e i osvojite svakog dana specijalni popust na kupovinu \ud83d\udc49 www.ananas.rs<\/p>\n<p>\ud83e\udd45 Ovogodi\u0161nja Evroliga obele\u017eena je humanitarnom akcijom &#8222;SBB igra\u010d utakmice&#8220; u organizaciji SBB i SportKluba. Saznajte o \u010demu se radi i koje su humanitarne organizacije ve\u0107 dobile donacije \ud83d\udc49 https:\/\/sbb.rs\/najveca-humanitarna-akcija-u-okviru-evrolige\/<\/p>\n<p>&#8212;<br \/>\nKripto voleti:<br \/>\nViktor BTC bc1q4estcdlypugcz5hnwd8z0gl64lmh6l2lsy23yt<br \/>\nNenad BTC 1AcKQwLtpnd9CmYD1N26tGtiBZaD8Jtb7M<br \/>\n(ostali kada otvore)<\/p>\n<p>Kupite NJUZ majice, stikere i \u0161olje: <\/p>\n<blockquote class=\"wp-embedded-content\" data-secret=\"VMmx58epZT\"><p><a href=\"https:\/\/shop.njuz.net\/\">Naslovna<\/a><\/p><\/blockquote>\n<p><iframe class=\"wp-embedded-content\" sandbox=\"allow-scripts\" security=\"restricted\" style=\"position: absolute; clip: rect(1px, 1px, 1px, 1px);\" title=\"&#132;Naslovna&#147; &#8212; Njuz Shop\" src=\"https:\/\/shop.njuz.net\/embed\/#?secret=ZsKYg1ucnG#?secret=VMmx58epZT\" data-secret=\"VMmx58epZT\" width=\"600\" height=\"338\" frameborder=\"0\" marginwidth=\"0\" marginheight=\"0\" scrolling=\"no\"><\/iframe><\/p>\n<p>Od sada nas mo\u017eete podr\u017eite i na YouTubeu:<br \/>\nhttps:\/\/www.youtube.com\/channel\/UCbYHvSoOkkHfhPTNkz4RmQg\/join<\/p>\n<p>Budite vi sponzor podkasta na Patreonu:<br \/>\nhttps:\/\/www.patreon.com\/njuz<\/p>\n<p>&#8212;<br \/>\nAudio podcasti:<br \/>\nDeezer https:\/\/www.deezer.com\/en\/show\/1736292<br \/>\nSoundcloud https:\/\/soundcloud.com\/njuz-net<br \/>\nApple https:\/\/podcasts.apple.com\/us\/podcast\/njuznet\/id1531300158<br \/>\nSpotify https:\/\/open.spotify.com\/show\/5M6FZXlro5U1bmjgj8xWiN<br \/>\nGoogle https:\/\/podcasts.google.com\/feed\/aHR0cHM6Ly9mZWVkcy5zb3VuZGNsb3VkLmNvbS91c2Vycy9zb3VuZGNsb3VkOnVzZXJzOjg3ODUzNDAwNS9zb3VuZHMucnNz<\/p>\n<p>Njuzovci na Instagramu:<br \/>\nhttps:\/\/www.instagram.com\/je.li.savetaa\/<br \/>\nhttps:\/\/www.instagram.com\/nenad.milosavljevic\/<br \/>\nhttps:\/\/www.instagram.com\/graforidza\/<br \/>\nhttps:\/\/www.instagram.com\/viktorxmarkovic\/<br \/>\nhttps:\/\/www.instagram.com\/marko_drazic\/<br \/>\nhttps:\/\/www.instagram.com\/vvukovv\/<\/p>\n<p>24 minuta Youtube: @24minutaofficial<\/p>\n<p>#srbija #novisad #sns #nadstresnica<\/p>","protected":false},"excerpt":{"rendered":"<p>Proteklu nedelju su obele\u017eili protesti u Novom Sadu i Beogradu, hap\u0161enje aktivista i pritvaranje, pu\u0161tanje na slobodu i ponovno hap\u0161enje Gorana Je\u0161i\u0107a. Tu je i Vesi\u0107a ostavka, kao i svi poku\u0161aji vlasti da se skrene pa\u017enja na 14 poginulih u padu nadstre\u0161nice na \u017eelezni\u010dkoj stanici u Novom Sadu. Novi tekst na Markovom blogu o tr\u010danju&#8230;<\/p>","protected":false},"author":3,"featured_media":20856,"comment_status":"close","ping_status":"closed","sticky":false,"template":"","format":"audio","meta":{"footnotes":""},"categories":[188],"tags":[],"class_list":["post-140412","post","type-post","status-publish","format-audio","has-post-thumbnail","hentry","category-njuz-net","post_format-post-format-audio"],"_links":{"self":[{"href":"https:\/\/podcast.rs\/en\/wp-json\/wp\/v2\/posts\/140412","targetHints":{"allow":["GET"]}}],"collection":[{"href":"https:\/\/podcast.rs\/en\/wp-json\/wp\/v2\/posts"}],"about":[{"href":"https:\/\/podcast.rs\/en\/wp-json\/wp\/v2\/types\/post"}],"author":[{"embeddable":true,"href":"https:\/\/podcast.rs\/en\/wp-json\/wp\/v2\/users\/3"}],"replies":[{"embeddable":true,"href":"https:\/\/podcast.rs\/en\/wp-json\/wp\/v2\/comments?post=140412"}],"version-history":[{"count":1,"href":"https:\/\/podcast.rs\/en\/wp-json\/wp\/v2\/posts\/140412\/revisions"}],"predecessor-version":[{"id":140413,"href":"https:\/\/podcast.rs\/en\/wp-json\/wp\/v2\/posts\/140412\/revisions\/140413"}],"wp:featuredmedia":[{"embeddable":true,"href":"https:\/\/podcast.rs\/en\/wp-json\/wp\/v2\/media\/20856"}],"wp:attachment":[{"href":"https:\/\/podcast.rs\/en\/wp-json\/wp\/v2\/media?parent=140412"}],"wp:term":[{"taxonomy":"category","embeddable":true,"href":"https:\/\/podcast.rs\/en\/wp-json\/wp\/v2\/categories?post=140412"},{"taxonomy":"post_tag","embeddable":true,"href":"https:\/\/podcast.rs\/en\/wp-json\/wp\/v2\/tags?post=140412"}],"curies":[{"name":"wp","href":"https:\/\/api.w.org\/{rel}","templated":true}]}}