{"id":139431,"date":"2024-10-30T01:00:00","date_gmt":"2024-10-30T00:00:00","guid":{"rendered":"https:\/\/podcast.rs\/?p=139431"},"modified":"2024-10-30T23:24:10","modified_gmt":"2024-10-30T21:24:10","slug":"vlada-i-grafa-u-istom-podkastu-da-i-to-se-dogodilo-njuz-podkast-ep164","status":"publish","type":"post","link":"https:\/\/podcast.rs\/en\/vlada-i-grafa-u-istom-podkastu-da-i-to-se-dogodilo-njuz-podkast-ep164\/","title":{"rendered":"Vlada i Grafa u istom podkastu? Da, i to se dogodilo! : Njuz Podkast EP164"},"content":{"rendered":"<p>Nadamo se da \u0107e pojava Vlade i Grafe u istom podkastu zaustaviti poplavu pitanja: &#8222;Gde su Vlada i Grafa?&#8220;<\/p>\n<p>Pored toga, bavili smo se svim neprijatnim situacijama u kojima se prethodne nedelje na\u0161ao predsednik Vu\u010di\u0107, od susreta sa Zozom na RTS, preko dobacivanja &#8222;ne\u0107ete kopati&#8220; na konferenciji za \u0161tampu, do problema u stranci koje je otkrio \u0110uka u svojoj novoj kolumni u Politici. <\/p>\n<p>Pri\u010dali smo i o kru\u017enom toku iz pakla (onom kod U\u0161\u0107a) i sukobima koje gradona\u010delnik Beograda Aleksandar \u0160api\u0107 gaji prema novinarima N1. <\/p>\n<p>I dok Stari most odlazi u pro\u0161lost, o budu\u0107nosti Srbije u EU izve\u0161tava Picolo, Picolino, Piculo&#8230; ovaj Tonino Picua i za\u0161to toliko nervira srpske tabloide? <\/p>\n<p>\ud83d\udea8 Uskoro velike novine u Njuz Shopu \ud83d\udc47<\/p>\n<blockquote class=\"wp-embedded-content\" data-secret=\"3JVOs1fniy\"><p><a href=\"https:\/\/shop.njuz.net\/\">Naslovna<\/a><\/p><\/blockquote>\n<p><iframe class=\"wp-embedded-content\" sandbox=\"allow-scripts\" security=\"restricted\" style=\"position: absolute; clip: rect(1px, 1px, 1px, 1px);\" title=\"&#132;Naslovna&#147; &#8212; Njuz Shop\" src=\"https:\/\/shop.njuz.net\/embed\/#?secret=ZeYcp8JvIK#?secret=3JVOs1fniy\" data-secret=\"3JVOs1fniy\" width=\"600\" height=\"338\" frameborder=\"0\" marginwidth=\"0\" marginheight=\"0\" scrolling=\"no\"><\/iframe><\/p>\n<p>&#8212;-<br \/>\nKripto voleti:<br \/>\nViktor BTC bc1q4estcdlypugcz5hnwd8z0gl64lmh6l2lsy23yt<br \/>\nNenad BTC 1AcKQwLtpnd9CmYD1N26tGtiBZaD8Jtb7M<br \/>\n(ostali kada otvore)<\/p>\n<p>Od sada nas mo\u017eete podr\u017eite i na YouTubeu:<br \/>\nhttps:\/\/www.youtube.com\/channel\/UCbYHvSoOkkHfhPTNkz4RmQg\/join<\/p>\n<p>Budite vi sponzor podkasta na Patreonu:<br \/>\nhttps:\/\/www.patreon.com\/njuz<\/p>\n<p>&#8212;<br \/>\nAudio podcasti:<br \/>\nDeezer https:\/\/www.deezer.com\/en\/show\/1736292<br \/>\nSoundcloud https:\/\/soundcloud.com\/njuz-net<br \/>\nApple https:\/\/podcasts.apple.com\/us\/podcast\/njuznet\/id1531300158<br \/>\nSpotify https:\/\/open.spotify.com\/show\/5M6FZXlro5U1bmjgj8xWiN<br \/>\nGoogle https:\/\/podcasts.google.com\/feed\/aHR0cHM6Ly9mZWVkcy5zb3VuZGNsb3VkLmNvbS91c2Vycy9zb3VuZGNsb3VkOnVzZXJzOjg3ODUzNDAwNS9zb3VuZHMucnNz<\/p>\n<p>Njuzovci na Instagramu:<br \/>\nhttps:\/\/www.instagram.com\/je.li.savetaa\/<br \/>\nhttps:\/\/www.instagram.com\/nenad.milosavljevic\/<br \/>\nhttps:\/\/www.instagram.com\/graforidza\/<br \/>\nhttps:\/\/www.instagram.com\/viktorxmarkovic\/<br \/>\nhttps:\/\/www.instagram.com\/marko_drazic\/<br \/>\nhttps:\/\/www.instagram.com\/vvukovv\/<\/p>\n<p>24 minuta Youtube: @24minutaofficial<\/p>\n<p>#srbija #vesti #najnovije #zanimljvosti #sns #vu\u010di\u0107 #sme\u0161no #dnevnevesti #najnovijevesti<\/p>","protected":false},"excerpt":{"rendered":"<p>Nadamo se da \u0107e pojava Vlade i Grafe u istom podkastu zaustaviti poplavu pitanja: &#8222;Gde su Vlada i Grafa?&#8220; Pored toga, bavili smo se svim neprijatnim situacijama u kojima se prethodne nedelje na\u0161ao predsednik Vu\u010di\u0107, od susreta sa Zozom na RTS, preko dobacivanja &#8222;ne\u0107ete kopati&#8220; na konferenciji za \u0161tampu, do problema u stranci koje je&#8230;<\/p>","protected":false},"author":3,"featured_media":20856,"comment_status":"close","ping_status":"closed","sticky":false,"template":"","format":"audio","meta":{"footnotes":""},"categories":[188],"tags":[],"class_list":["post-139431","post","type-post","status-publish","format-audio","has-post-thumbnail","hentry","category-njuz-net","post_format-post-format-audio"],"_links":{"self":[{"href":"https:\/\/podcast.rs\/en\/wp-json\/wp\/v2\/posts\/139431","targetHints":{"allow":["GET"]}}],"collection":[{"href":"https:\/\/podcast.rs\/en\/wp-json\/wp\/v2\/posts"}],"about":[{"href":"https:\/\/podcast.rs\/en\/wp-json\/wp\/v2\/types\/post"}],"author":[{"embeddable":true,"href":"https:\/\/podcast.rs\/en\/wp-json\/wp\/v2\/users\/3"}],"replies":[{"embeddable":true,"href":"https:\/\/podcast.rs\/en\/wp-json\/wp\/v2\/comments?post=139431"}],"version-history":[{"count":1,"href":"https:\/\/podcast.rs\/en\/wp-json\/wp\/v2\/posts\/139431\/revisions"}],"predecessor-version":[{"id":139432,"href":"https:\/\/podcast.rs\/en\/wp-json\/wp\/v2\/posts\/139431\/revisions\/139432"}],"wp:featuredmedia":[{"embeddable":true,"href":"https:\/\/podcast.rs\/en\/wp-json\/wp\/v2\/media\/20856"}],"wp:attachment":[{"href":"https:\/\/podcast.rs\/en\/wp-json\/wp\/v2\/media?parent=139431"}],"wp:term":[{"taxonomy":"category","embeddable":true,"href":"https:\/\/podcast.rs\/en\/wp-json\/wp\/v2\/categories?post=139431"},{"taxonomy":"post_tag","embeddable":true,"href":"https:\/\/podcast.rs\/en\/wp-json\/wp\/v2\/tags?post=139431"}],"curies":[{"name":"wp","href":"https:\/\/api.w.org\/{rel}","templated":true}]}}