{"id":137679,"date":"2024-10-22T15:01:04","date_gmt":"2024-10-22T13:01:04","guid":{"rendered":"https:\/\/podcast.rs\/?p=137679"},"modified":"2024-10-22T16:20:55","modified_gmt":"2024-10-22T14:20:55","slug":"leh-valensa-bojim-se-da-ce-ukrajina-biti-primorana-na-nepovoljan-mir","status":"publish","type":"post","link":"https:\/\/podcast.rs\/en\/leh-valensa-bojim-se-da-ce-ukrajina-biti-primorana-na-nepovoljan-mir\/","title":{"rendered":"Leh Valensa: Bojim se da \u0107e Ukrajina biti primorana na nepovoljan mir"},"content":{"rendered":"<p>Putin bi napao Poljsku, a ne Ukrajinu da nije postala \u010dlanica NATO-a, ka\u017ee u razgovoru za Radio Slobodna Evropa Leh Valensa, osniva\u010d i lider sindikata &#8222;Solidarnost&#8220; 1980-ih i prvi postkomunisti\u010dki predsednik Poljske.<\/p>\n<p>&#8222;Me\u0111utim, Poljska je prona\u0161la uto\u010di\u0161te u NATO-u i Evropskoj uniji&#8220;, isti\u010de Valensa.<\/p>\n<p>On je sa biv\u0161im \u010de\u0161kim predsednikom Vaclavom Havelom imao klju\u010dnu ulogu u ube\u0111ivanja SAD-a i ostalih zapadnih zemalja &#8211; kojima je po\u010detkom 1990-ih bio prioritet odr\u017eavanje dobrih odnosa sa Jeljcinovom Rusijom &#8211; da prime biv\u0161e postsocijalisti\u010dke zemlje u NATO. <\/p>","protected":false},"excerpt":{"rendered":"<p>Putin bi napao Poljsku, a ne Ukrajinu da nije postala \u010dlanica NATO-a, ka\u017ee u razgovoru za Radio Slobodna Evropa Leh Valensa, osniva\u010d i lider sindikata &#8222;Solidarnost&#8220; 1980-ih i prvi postkomunisti\u010dki predsednik Poljske. &#8222;Me\u0111utim, Poljska je prona\u0161la uto\u010di\u0161te u NATO-u i Evropskoj uniji&#8220;, isti\u010de Valensa. On je sa biv\u0161im \u010de\u0161kim predsednikom Vaclavom Havelom imao klju\u010dnu ulogu&#8230;<\/p>","protected":false},"author":3,"featured_media":69730,"comment_status":"close","ping_status":"closed","sticky":false,"template":"","format":"audio","meta":{"footnotes":""},"categories":[207],"tags":[],"class_list":["post-137679","post","type-post","status-publish","format-audio","has-post-thumbnail","hentry","category-izmedju-redova","post_format-post-format-audio"],"_links":{"self":[{"href":"https:\/\/podcast.rs\/en\/wp-json\/wp\/v2\/posts\/137679","targetHints":{"allow":["GET"]}}],"collection":[{"href":"https:\/\/podcast.rs\/en\/wp-json\/wp\/v2\/posts"}],"about":[{"href":"https:\/\/podcast.rs\/en\/wp-json\/wp\/v2\/types\/post"}],"author":[{"embeddable":true,"href":"https:\/\/podcast.rs\/en\/wp-json\/wp\/v2\/users\/3"}],"replies":[{"embeddable":true,"href":"https:\/\/podcast.rs\/en\/wp-json\/wp\/v2\/comments?post=137679"}],"version-history":[{"count":1,"href":"https:\/\/podcast.rs\/en\/wp-json\/wp\/v2\/posts\/137679\/revisions"}],"predecessor-version":[{"id":137680,"href":"https:\/\/podcast.rs\/en\/wp-json\/wp\/v2\/posts\/137679\/revisions\/137680"}],"wp:featuredmedia":[{"embeddable":true,"href":"https:\/\/podcast.rs\/en\/wp-json\/wp\/v2\/media\/69730"}],"wp:attachment":[{"href":"https:\/\/podcast.rs\/en\/wp-json\/wp\/v2\/media?parent=137679"}],"wp:term":[{"taxonomy":"category","embeddable":true,"href":"https:\/\/podcast.rs\/en\/wp-json\/wp\/v2\/categories?post=137679"},{"taxonomy":"post_tag","embeddable":true,"href":"https:\/\/podcast.rs\/en\/wp-json\/wp\/v2\/tags?post=137679"}],"curies":[{"name":"wp","href":"https:\/\/api.w.org\/{rel}","templated":true}]}}