{"id":136854,"date":"2024-10-10T16:13:33","date_gmt":"2024-10-10T14:13:33","guid":{"rendered":"https:\/\/podcast.rs\/szinjatek-a-vonaton\/"},"modified":"2024-10-10T16:13:33","modified_gmt":"2024-10-10T14:13:33","slug":"szinjatek-a-vonaton","status":"publish","type":"post","link":"https:\/\/podcast.rs\/en\/szinjatek-a-vonaton\/","title":{"rendered":"Sz\u00ednj\u00e1t\u00e9k a vonaton"},"content":{"rendered":"<p>Gyorsan felejt\u00fcnk, de az\u00e9rt vagyunk m\u00e9g n\u00e9h\u00e1nyan, akik eml\u00e9keznek az \u00fajvid\u00e9ki p\u00e1lyaudvaron k\u00f6zel t\u00edz \u00e9ve k\u00e9sz\u00fclt fot\u00f3ra, amelyen a K\u00ednai N\u00e9pk\u00f6zt\u00e1rsas\u00e1g belgr\u00e1di nagyk\u00f6vete \u00e9s Aleksandar Vu\u010di\u0107 szerb minisztereln\u00f6k egy s\u00ednp\u00e1r mellett p\u00f3zol. Az a mintegy m\u00e1sf\u00e9l m\u00e9ternyi \u201evas\u00fati p\u00e1lya\u201d jelk\u00e9pezte <a href=\"https:\/\/podcast.szabadmagyarszo.com\/podcast\/szinjatek-a-vonaton\/\"> Read more\u2026<\/a><\/p>","protected":false},"excerpt":{"rendered":"<p>Gyorsan felejt\u00fcnk, de az\u00e9rt vagyunk m\u00e9g n\u00e9h\u00e1nyan, akik eml\u00e9keznek az \u00fajvid\u00e9ki p\u00e1lyaudvaron k\u00f6zel t\u00edz \u00e9ve k\u00e9sz\u00fclt fot\u00f3ra, amelyen a K\u00ednai N\u00e9pk\u00f6zt\u00e1rsas\u00e1g be<\/p>","protected":false},"author":4,"featured_media":136856,"comment_status":"","ping_status":"closed","sticky":false,"template":"","format":"standard","meta":{"footnotes":""},"categories":[588],"tags":[],"class_list":["post-136854","post","type-post","status-publish","format-standard","has-post-thumbnail","hentry","category-szabad-magyar-szo"],"_links":{"self":[{"href":"https:\/\/podcast.rs\/en\/wp-json\/wp\/v2\/posts\/136854","targetHints":{"allow":["GET"]}}],"collection":[{"href":"https:\/\/podcast.rs\/en\/wp-json\/wp\/v2\/posts"}],"about":[{"href":"https:\/\/podcast.rs\/en\/wp-json\/wp\/v2\/types\/post"}],"author":[{"embeddable":true,"href":"https:\/\/podcast.rs\/en\/wp-json\/wp\/v2\/users\/4"}],"replies":[{"embeddable":true,"href":"https:\/\/podcast.rs\/en\/wp-json\/wp\/v2\/comments?post=136854"}],"version-history":[{"count":0,"href":"https:\/\/podcast.rs\/en\/wp-json\/wp\/v2\/posts\/136854\/revisions"}],"wp:featuredmedia":[{"embeddable":true,"href":"https:\/\/podcast.rs\/en\/wp-json\/wp\/v2\/media\/136856"}],"wp:attachment":[{"href":"https:\/\/podcast.rs\/en\/wp-json\/wp\/v2\/media?parent=136854"}],"wp:term":[{"taxonomy":"category","embeddable":true,"href":"https:\/\/podcast.rs\/en\/wp-json\/wp\/v2\/categories?post=136854"},{"taxonomy":"post_tag","embeddable":true,"href":"https:\/\/podcast.rs\/en\/wp-json\/wp\/v2\/tags?post=136854"}],"curies":[{"name":"wp","href":"https:\/\/api.w.org\/{rel}","templated":true}]}}