{"id":128508,"date":"2024-09-02T23:23:48","date_gmt":"2024-09-02T21:23:48","guid":{"rendered":"https:\/\/podcast.rs\/?p=128508"},"modified":"2024-09-03T00:52:59","modified_gmt":"2024-09-02T22:52:59","slug":"40-njuz-popkast-zvuk","status":"publish","type":"post","link":"https:\/\/podcast.rs\/en\/40-njuz-popkast-zvuk\/","title":{"rendered":"40.Njuz POPkast &#8211; Zvuk"},"content":{"rendered":"<p>Vratili smo se sa odmora! A vra\u0107a se i grupa Oasis&#8230; mo\u017eda, ako se bra\u0107a Galager ponovo ne posva\u0111aju.<br \/>\nU najnovijem podkastu pri\u010dali smo i o Viktorovim utiscima sa proteklog Sarajevo Film Festivala i kakvu je ulogu Ma\u0161a odigrala u toku stvaranja filma &#8222;Me\u0111u bogovima&#8220;. Osvrnuli smo se i na sve kontroverze oko Blejk Lajvli i njenog najnovijeg filma &#8222;It Ends with Us&#8220;. Sazna\u0107ete i koga je i za\u0161to iznervirala \u010detvrta sezona serije &#8222;Emily in Paris&#8220;, a ko se (jedini od ekipe) odu\u0161evio poslednom sezonom &#8222;True detecitve&#8220;. <\/p>\n<p>\u2615\ufe0f Isprobajte sve Flert kafe i odaberite svoju omiljenu (a sada i sa napitkom na bazi badema) \ud83d\udc49 https:\/\/www.imlek.rs\/proizvodi\/ostali-proizvodi\/flert-kafa-imlek-kafe\/<\/p>\n<p>\ud83d\udedf \u017divotno osiguranje uz koje \u0161tedi\u0161 i prilikom kupovine &#8211; Generali Dynamic Life \ud83d\udc49 https:\/\/www.generali.rs\/fizicka_lica\/zivot\/stednja\/dynamic_life.3521.html<\/p>\n<p>\ud83d\udecd\ufe0f Da li ste spremni za BTS uz nove i stare modele starki? \u010cekirajte jedinu zvani\u010dnu Converse online prodavnicu i odaberite svoj par  \ud83d\udc49 https:\/\/www.converse.rs\/chuck-taylor-all-star-cruise?<\/p>\n<p>Isprobajte burgere i probajte ne\u0161to novo na Los Silos Burger festivalu od 30.08. do 08.09. \ud83d\udc49 https:\/\/www.instagram.com\/lossilosburgerfestival\/<br \/>\nNa\u0161a Njuz Burger radionica bi\u0107e odr\u017eana 06.09. od 18-20h, a sav prihod od licitiranih burgera ide u humanitarne svrhe. Vidimo se!<\/p>\n<p>&#8212;<br \/>\nKripto voleti:<br \/>\nViktor BTC bc1q4estcdlypugcz5hnwd8z0gl64lmh6l2lsy23yt<br \/>\nNenad BTC 1AcKQwLtpnd9CmYD1N26tGtiBZaD8Jtb7M<br \/>\n(ostali kada otvore)<\/p>\n<p>Kupite NJUZ majice, stikere i \u0161olje: <\/p>\n<blockquote class=\"wp-embedded-content\" data-secret=\"nEjO2XjeQd\"><p><a href=\"https:\/\/shop.njuz.net\/\">Naslovna<\/a><\/p><\/blockquote>\n<p><iframe class=\"wp-embedded-content\" sandbox=\"allow-scripts\" security=\"restricted\" style=\"position: absolute; clip: rect(1px, 1px, 1px, 1px);\" title=\"&#132;Naslovna&#147; &#8212; Njuz Shop\" src=\"https:\/\/shop.njuz.net\/embed\/#?secret=cxbqtKDKCW#?secret=nEjO2XjeQd\" data-secret=\"nEjO2XjeQd\" width=\"600\" height=\"338\" frameborder=\"0\" marginwidth=\"0\" marginheight=\"0\" scrolling=\"no\"><\/iframe><\/p>\n<p>Od sada nas mo\u017eete podr\u017eite i na YouTubeu:<br \/>\nhttps:\/\/www.youtube.com\/channel\/UCbYHvSoOkkHfhPTNkz4RmQg\/join<\/p>\n<p>Budite vi sponzor podkasta na Patreonu:<br \/>\nhttps:\/\/www.patreon.com\/njuz<\/p>\n<p>&#8212;<br \/>\nAudio podcasti:<br \/>\nDeezer https:\/\/www.deezer.com\/en\/show\/1736292<br \/>\nSoundcloud https:\/\/soundcloud.com\/njuz-net<br \/>\nApple https:\/\/podcasts.apple.com\/us\/podcast\/njuznet\/id1531300158<br \/>\nSpotify https:\/\/open.spotify.com\/show\/5M6FZXlro5U1bmjgj8xWiN<br \/>\nGoogle https:\/\/podcasts.google.com\/feed\/aHR0cHM6Ly9mZWVkcy5zb3VuZGNsb3VkLmNvbS91c2Vycy9zb3VuZGNsb3VkOnVzZXJzOjg3ODUzNDAwNS9zb3VuZHMucnNz<\/p>\n<p>Njuzovci na Instagramu:<br \/>\nhttps:\/\/www.instagram.com\/je.li.savetaa\/<br \/>\nhttps:\/\/www.instagram.com\/nenad.milosavljevic\/<br \/>\nhttps:\/\/www.instagram.com\/graforidza\/<br \/>\nhttps:\/\/www.instagram.com\/viktorxmarkovic\/<br \/>\nhttps:\/\/www.instagram.com\/marko_drazic\/<br \/>\nhttps:\/\/www.instagram.com\/vvukovv\/<\/p>\n<p>#popkast #popkultura #itendswithusmovie #srbija #recenzije #muzika #filmovi<\/p>","protected":false},"excerpt":{"rendered":"<p>Vratili smo se sa odmora! A vra\u0107a se i grupa Oasis&#8230; mo\u017eda, ako se bra\u0107a Galager ponovo ne posva\u0111aju. U najnovijem podkastu pri\u010dali smo i o Viktorovim utiscima sa proteklog Sarajevo Film Festivala i kakvu je ulogu Ma\u0161a odigrala u toku stvaranja filma &#8222;Me\u0111u bogovima&#8220;. Osvrnuli smo se i na sve kontroverze oko Blejk Lajvli&#8230;<\/p>","protected":false},"author":3,"featured_media":20856,"comment_status":"close","ping_status":"closed","sticky":false,"template":"","format":"audio","meta":{"footnotes":""},"categories":[188],"tags":[],"class_list":["post-128508","post","type-post","status-publish","format-audio","has-post-thumbnail","hentry","category-njuz-net","post_format-post-format-audio"],"_links":{"self":[{"href":"https:\/\/podcast.rs\/en\/wp-json\/wp\/v2\/posts\/128508","targetHints":{"allow":["GET"]}}],"collection":[{"href":"https:\/\/podcast.rs\/en\/wp-json\/wp\/v2\/posts"}],"about":[{"href":"https:\/\/podcast.rs\/en\/wp-json\/wp\/v2\/types\/post"}],"author":[{"embeddable":true,"href":"https:\/\/podcast.rs\/en\/wp-json\/wp\/v2\/users\/3"}],"replies":[{"embeddable":true,"href":"https:\/\/podcast.rs\/en\/wp-json\/wp\/v2\/comments?post=128508"}],"version-history":[{"count":1,"href":"https:\/\/podcast.rs\/en\/wp-json\/wp\/v2\/posts\/128508\/revisions"}],"predecessor-version":[{"id":128509,"href":"https:\/\/podcast.rs\/en\/wp-json\/wp\/v2\/posts\/128508\/revisions\/128509"}],"wp:featuredmedia":[{"embeddable":true,"href":"https:\/\/podcast.rs\/en\/wp-json\/wp\/v2\/media\/20856"}],"wp:attachment":[{"href":"https:\/\/podcast.rs\/en\/wp-json\/wp\/v2\/media?parent=128508"}],"wp:term":[{"taxonomy":"category","embeddable":true,"href":"https:\/\/podcast.rs\/en\/wp-json\/wp\/v2\/categories?post=128508"},{"taxonomy":"post_tag","embeddable":true,"href":"https:\/\/podcast.rs\/en\/wp-json\/wp\/v2\/tags?post=128508"}],"curies":[{"name":"wp","href":"https:\/\/api.w.org\/{rel}","templated":true}]}}