{"id":126945,"date":"2024-08-24T17:29:59","date_gmt":"2024-08-24T15:29:59","guid":{"rendered":"https:\/\/podcast.rs\/sablja-serija-o-ubistvu-premijera-zorana-djindjica-nagradjena-u-kanu-agelast-sff\/"},"modified":"2026-04-29T04:06:15","modified_gmt":"2026-04-29T02:06:15","slug":"sablja-serija-o-ubistvu-premijera-zorana-djindjica-nagradjena-u-kanu-agelast-sff","status":"publish","type":"post","link":"https:\/\/podcast.rs\/en\/sablja-serija-o-ubistvu-premijera-zorana-djindjica-nagradjena-u-kanu-agelast-sff\/","title":{"rendered":"\u201eSablja\u201d: Serija o ubistvu premijera Zorana \u0110in\u0111i\u0107a nagra\u0111ena u Kanu | Agelast &amp; SFF"},"content":{"rendered":"<p>Podr\u017eite me na Patreonu: <a href=\"https:\/\/www.patreon.com\/agelast\">https:\/\/www.patreon.com\/agelast<\/a><\/p>\n<p>Jednokratne donacije kanalu: <a href=\"https:\/\/www.paypal.me\/agelastpodcast\">https:\/\/www.paypal.me\/agelastpodcast<\/a><\/p>\n<p>Kripto donacije: BTC: 1BdrToPVPRbMtzPkdX8z3wviTHZZyzqD7w<\/p>\n<p>ETH: 0xe189975f215102DD2e2442B060D00b524a608167<\/p>\n<p>FB: <a href=\"https:\/\/www.facebook.com\/galebnikacevic\">https:\/\/www.facebook.com\/galebnikacevic<\/a><\/p>\n<p>Instagram: <a href=\"https:\/\/www.instagram.com\/agelast_\/\">https:\/\/www.instagram.com\/agelast_\/<\/a><\/p>\n<p>Twitter: <a href=\"https:\/\/twitter.com\/GalebNikacevic\">https:\/\/twitter.com\/GalebNikacev<\/a><\/p>\n<p>A1: <a href=\"https:\/\/a1.rs\/privatni\">https:\/\/a1.rs\/privatni<\/a><\/p>\n<p>Mazda:<br \/>1. Web: <a href=\"https:\/\/www.youtube.com\/redirect?event=video_description&amp;redir_token=QUFFLUhqa2RGV2lrbk1fLVlRX2R2MkV4OUJtYUdMNmFMd3xBQ3Jtc0ttcmJrbDdlSmZFS3FLd2lkVEpiRGMzcGt6N3c1TG94VTJteWMxNVRTV2FEbm5nMzQzbEJwRmxmWk11OGRqc0hJZ2NMOHFfMFRHOHd5WjdqUVJDTDRGZXZXM1RsYThmaGs5YXp4bDZsakpTMDRLdE5sdw&amp;q=https%3A%2F%2Fwww.mazda.rs%2F&amp;v=UIZV5yy4J6A\">https:\/\/www.mazda.rs<\/a> <br \/>2. Facebook: <a href=\"https:\/\/www.youtube.com\/redirect?event=video_description&amp;redir_token=QUFFLUhqay1yZDduMmlCLUM3bDNJN3ZrbTZsZjFYVEl6UXxBQ3Jtc0tuNGNXZG9EM1JMUWJCeHRhbUM1OUF3OUZ6SmNqOVJKSThGWGF1ZXdEYUdMNXcwLWhfTVo2WG00clJSVFpvdHJzc1VuTGtaSXE4bTl0T2w0LXh5TGVBX0d0aXVlMEJ1a0hjUEV0TWx2b1N5TlBYS0pDSQ&amp;q=https%3A%2F%2Fwww.facebook.com%2FMazdaSrbija&amp;v=UIZV5yy4J6A\">\u00a0<\/a><a href=\"https:\/\/www.youtube.com\/redirect?event=video_description&amp;redir_token=QUFFLUhqay1yZDduMmlCLUM3bDNJN3ZrbTZsZjFYVEl6UXxBQ3Jtc0tuNGNXZG9EM1JMUWJCeHRhbUM1OUF3OUZ6SmNqOVJKSThGWGF1ZXdEYUdMNXcwLWhfTVo2WG00clJSVFpvdHJzc1VuTGtaSXE4bTl0T2w0LXh5TGVBX0d0aXVlMEJ1a0hjUEV0TWx2b1N5TlBYS0pDSQ&amp;q=https%3A%2F%2Fwww.facebook.com%2FMazdaSrbija&amp;v=UIZV5yy4J6A\"><\/a><a href=\"https:\/\/www.youtube.com\/redirect?event=video_description&amp;redir_token=QUFFLUhqay1yZDduMmlCLUM3bDNJN3ZrbTZsZjFYVEl6UXxBQ3Jtc0tuNGNXZG9EM1JMUWJCeHRhbUM1OUF3OUZ6SmNqOVJKSThGWGF1ZXdEYUdMNXcwLWhfTVo2WG00clJSVFpvdHJzc1VuTGtaSXE4bTl0T2w0LXh5TGVBX0d0aXVlMEJ1a0hjUEV0TWx2b1N5TlBYS0pDSQ&amp;q=https%3A%2F%2Fwww.facebook.com%2FMazdaSrbija&amp;v=UIZV5yy4J6A\">\/ mazdasrbija\u00a0 <\/a><br \/>3. Instagram: <a href=\"https:\/\/www.youtube.com\/redirect?event=video_description&amp;redir_token=QUFFLUhqa0JaYVFjTDRfY3BXMThMWUU1eG1SdHhWRUZ1d3xBQ3Jtc0trbUt0eXV6Nk9LS3BjUDlKaHNTa2l5WWY2M1FWM1hWdmRsbEJyU19XUG5vOERybXFZV0hoVTZydG9sYmpHalBHdXNRRDFrQ2o0Vk5BTE9FOHEzUVczal9KOHp0dWEyYUtiZm16RnVlbzJsMHdIR09DOA&amp;q=https%3A%2F%2Fwww.instagram.com%2Fmazda.rs%2F&amp;v=UIZV5yy4J6A\">\u00a0<\/a><a href=\"https:\/\/www.youtube.com\/redirect?event=video_description&amp;redir_token=QUFFLUhqa0JaYVFjTDRfY3BXMThMWUU1eG1SdHhWRUZ1d3xBQ3Jtc0trbUt0eXV6Nk9LS3BjUDlKaHNTa2l5WWY2M1FWM1hWdmRsbEJyU19XUG5vOERybXFZV0hoVTZydG9sYmpHalBHdXNRRDFrQ2o0Vk5BTE9FOHEzUVczal9KOHp0dWEyYUtiZm16RnVlbzJsMHdIR09DOA&amp;q=https%3A%2F%2Fwww.instagram.com%2Fmazda.rs%2F&amp;v=UIZV5yy4J6A\"><\/a><a href=\"https:\/\/www.youtube.com\/redirect?event=video_description&amp;redir_token=QUFFLUhqa0JaYVFjTDRfY3BXMThMWUU1eG1SdHhWRUZ1d3xBQ3Jtc0trbUt0eXV6Nk9LS3BjUDlKaHNTa2l5WWY2M1FWM1hWdmRsbEJyU19XUG5vOERybXFZV0hoVTZydG9sYmpHalBHdXNRRDFrQ2o0Vk5BTE9FOHEzUVczal9KOHp0dWEyYUtiZm16RnVlbzJsMHdIR09DOA&amp;q=https%3A%2F%2Fwww.instagram.com%2Fmazda.rs%2F&amp;v=UIZV5yy4J6A\"> \/ mazda.rs\u00a0 <\/a><\/p>\n<p>U poslednjoj epizodi iz serijala sa SFF<a href=\"https:\/\/studio.youtube.com\/channel\/UCkvqgo7AfpOQHIRjFSpvInA\">\u00a0<\/a>spremili smo vam razgovor sa autorima, rediteljima i producentkinjom serije \u201eSablja\u201d, o ubistvu premijera Zorana \u0110in\u0111i\u0107a.\u00a0<br \/>Po\u010detkom godine govorilo se o ovoj seriji sa ogromnim interesovanjem javnosti. Serija o doga\u0111ajima od pre dvadeset godina koji su radikalno promenili istorijski tog na\u0161eg dru\u0161tva i doga\u0111ajima koji su u kolektivnom i individualnom se\u0107anju gra\u0111ana Srbije i dalje veoma \u017eivi. Hvatanje u ko\u0161tac sa o\u010dekivanjima koje sa sobom nosi ovakav projekat nije jednostavan poduhvat i ogroman je pritisak da stvar bude ura\u0111ena kako treba. Od istra\u017eiva\u010dkog dela, preko istorijske i arhivske gra\u0111e, pa sve do tona serije, strukture, teksta, kao i kastinga, ovo je definitivno serija \u010dija \u0107e svaka pojedinost biti pomno preispitivana. A opet, pri\u010da je morala da bude ispri\u010dana i neko je to morao da uradi. Tim pre je naprasno odlaganje premijere u javnosti izazvalo ogromne reakcije, pa su vesti sa festivalskih premijera u Kanu i na Sarajevo film festivalu privla\u010dile ogromnu pa\u017enju. Imali smo priliku da vidimo prve dve epizode i mo\u017eemo da potvrdimo da je serija zaista odli\u010dna. U nju je ulo\u017een neverovatan trud da svaka pojedinost bude kako treba (realizacija projekta je trajal pet godina), a o celom ovom procesu, kao i razlozima odlaganja, razgovarali smo sa Vladimirom Tagi\u0107em i Goranom Stankovi\u0107em, rediteljima ove serije, kao i producentkinjom Sne\u017eanom van Houwelingen, a njih troje su ina\u010de i odgovorna lica iza projekta \u201eJutro \u0107e promeniti sve\u201d, koji je tako\u0111e imao veliki komercijalni uspeh na RTS-u kao generacijska serija koja je najavila nekakav dugo o\u010dekivani talas promene u njihovom sadr\u017eaju.<\/p>\n<p>Audio: Marko Ignjatovi\u0107<\/p>\n<p>Instagram:<\/p>\n<p>Galeb Nika\u010devi\u0107 Hasci-Jare: <a href=\"https:\/\/www.instagram.com\/agelast_\/\">https:\/\/www.instagram.com\/agelast_\/<\/a><\/p>\n<p>Sandra Planojevi\u0107: <a href=\"https:\/\/www.instagram.com\/run_lola_run_7\/\">https:\/\/www.instagram.com\/run_lola_run_7\/<\/a><\/p>\n<p>Audio: Marko Ignjatovi\u0107<\/p>\n<p>Instagram:<\/p>\n<p>Galeb Nika\u010devi\u0107 Hasci-Jare: <a href=\"https:\/\/www.instagram.com\/agelast_\/\">https:\/\/www.instagram.com\/agelast_\/<\/a><\/p>\n<p>Sandra Planojevi\u0107: <a href=\"https:\/\/www.instagram.com\/run_lola_run_7\/\">https:\/\/www.instagram.com\/run_lola_run_7\/<\/a><\/p>","protected":false},"excerpt":{"rendered":"<p>Podr\u017eite me na Patreonu: https:\/\/www.patreon.com\/agelast Jednokratne donacije kanalu: https:\/\/www.paypal.me\/agelastpodcast Kripto donacije: BTC: 1BdrToPVPRbMtzPkdX8z3wviTHZZyzqD7w ETH: 0xe189975f215102DD2e2442B060D00b524a608167 FB: https:\/\/www.facebook.com\/galebnikacevic Instagram: https:\/\/www.instagram.com\/agelast_\/ Twitter: https:\/\/twitter.com\/GalebNikacev A1: https:\/\/a1.rs\/privatni Mazda:1. Web: https:\/\/www.mazda.rs 2. Facebook: \u00a0\/ mazdasrbija\u00a0 3. Instagram: \u00a0 \/ mazda.rs\u00a0 U poslednjoj epizodi iz serijala sa SFF\u00a0spremili smo vam razgovor sa autorima, rediteljima i producentkinjom serije \u201eSablja\u201d, o ubistvu premijera&#8230;<\/p>","protected":false},"author":3,"featured_media":642131,"comment_status":"closed","ping_status":"closed","sticky":false,"template":"","format":"standard","meta":{"footnotes":""},"categories":[27],"tags":[],"class_list":["post-126945","post","type-post","status-publish","format-standard","has-post-thumbnail","hentry","category-agelast"],"_links":{"self":[{"href":"https:\/\/podcast.rs\/en\/wp-json\/wp\/v2\/posts\/126945","targetHints":{"allow":["GET"]}}],"collection":[{"href":"https:\/\/podcast.rs\/en\/wp-json\/wp\/v2\/posts"}],"about":[{"href":"https:\/\/podcast.rs\/en\/wp-json\/wp\/v2\/types\/post"}],"author":[{"embeddable":true,"href":"https:\/\/podcast.rs\/en\/wp-json\/wp\/v2\/users\/3"}],"replies":[{"embeddable":true,"href":"https:\/\/podcast.rs\/en\/wp-json\/wp\/v2\/comments?post=126945"}],"version-history":[{"count":31,"href":"https:\/\/podcast.rs\/en\/wp-json\/wp\/v2\/posts\/126945\/revisions"}],"predecessor-version":[{"id":682214,"href":"https:\/\/podcast.rs\/en\/wp-json\/wp\/v2\/posts\/126945\/revisions\/682214"}],"wp:featuredmedia":[{"embeddable":true,"href":"https:\/\/podcast.rs\/en\/wp-json\/wp\/v2\/media\/642131"}],"wp:attachment":[{"href":"https:\/\/podcast.rs\/en\/wp-json\/wp\/v2\/media?parent=126945"}],"wp:term":[{"taxonomy":"category","embeddable":true,"href":"https:\/\/podcast.rs\/en\/wp-json\/wp\/v2\/categories?post=126945"},{"taxonomy":"post_tag","embeddable":true,"href":"https:\/\/podcast.rs\/en\/wp-json\/wp\/v2\/tags?post=126945"}],"curies":[{"name":"wp","href":"https:\/\/api.w.org\/{rel}","templated":true}]}}