{"id":123525,"date":"2024-07-12T11:48:43","date_gmt":"2024-07-12T09:48:43","guid":{"rendered":"https:\/\/podcast.rs\/a-lenyomat\/"},"modified":"2024-07-12T11:48:43","modified_gmt":"2024-07-12T09:48:43","slug":"a-lenyomat","status":"publish","type":"post","link":"https:\/\/podcast.rs\/en\/a-lenyomat\/","title":{"rendered":"A lenyomat"},"content":{"rendered":"<p>Belgr\u00e1dban a bel\u00fcgyminiszt\u00e9rium tiltotta be a \u201eMir\u00ebdita, dobar dan!\u201d elnevez\u00e9s\u0171 m\u0171vel\u0151d\u00e9si t\u00e9m\u00e1j\u00fa rendezv\u00e9nyt. Pontosabban: egy mintegy \u00f6tventag\u00fa, egy\u00e9rtelm\u0171en sz\u00e9ls\u0151s\u00e9ges, soviniszta jelszavakat hangoztat\u00f3 \u00e9s ugyanilyen jelk\u00e9peket lobogtat\u00f3, fiatal f\u00e9rfiakb\u00f3l \u00e1ll\u00f3 t\u00e1rsas\u00e1g helysz\u00edni felvonul\u00e1sa nyom\u00e1n k\u00f6z\u00f6lt\u00e9k: a bel\u00fcgyi szervek \u201enem tudj\u00e1k garant\u00e1lni <a href=\"https:\/\/podcast.szabadmagyarszo.com\/podcast\/a-lenyomat\/\"> Read more\u2026<\/a><\/p>","protected":false},"excerpt":{"rendered":"<p>Belgr\u00e1dban a bel\u00fcgyminiszt\u00e9rium tiltotta be a \u201eMir\u00ebdita, dobar dan!\u201d elnevez\u00e9s\u0171 m\u0171vel\u0151d\u00e9si t\u00e9m\u00e1j\u00fa rendezv\u00e9nyt. Pontosabban: egy mintegy \u00f6tventag\u00fa, egy\u00e9rtelm\u0171<\/p>","protected":false},"author":4,"featured_media":123527,"comment_status":"","ping_status":"closed","sticky":false,"template":"","format":"standard","meta":{"footnotes":""},"categories":[588],"tags":[],"class_list":["post-123525","post","type-post","status-publish","format-standard","has-post-thumbnail","hentry","category-szabad-magyar-szo"],"_links":{"self":[{"href":"https:\/\/podcast.rs\/en\/wp-json\/wp\/v2\/posts\/123525","targetHints":{"allow":["GET"]}}],"collection":[{"href":"https:\/\/podcast.rs\/en\/wp-json\/wp\/v2\/posts"}],"about":[{"href":"https:\/\/podcast.rs\/en\/wp-json\/wp\/v2\/types\/post"}],"author":[{"embeddable":true,"href":"https:\/\/podcast.rs\/en\/wp-json\/wp\/v2\/users\/4"}],"replies":[{"embeddable":true,"href":"https:\/\/podcast.rs\/en\/wp-json\/wp\/v2\/comments?post=123525"}],"version-history":[{"count":0,"href":"https:\/\/podcast.rs\/en\/wp-json\/wp\/v2\/posts\/123525\/revisions"}],"wp:featuredmedia":[{"embeddable":true,"href":"https:\/\/podcast.rs\/en\/wp-json\/wp\/v2\/media\/123527"}],"wp:attachment":[{"href":"https:\/\/podcast.rs\/en\/wp-json\/wp\/v2\/media?parent=123525"}],"wp:term":[{"taxonomy":"category","embeddable":true,"href":"https:\/\/podcast.rs\/en\/wp-json\/wp\/v2\/categories?post=123525"},{"taxonomy":"post_tag","embeddable":true,"href":"https:\/\/podcast.rs\/en\/wp-json\/wp\/v2\/tags?post=123525"}],"curies":[{"name":"wp","href":"https:\/\/api.w.org\/{rel}","templated":true}]}}