{"id":123447,"date":"2024-07-11T12:06:13","date_gmt":"2024-07-11T10:06:13","guid":{"rendered":"https:\/\/podcast.rs\/cucurella-alkarja\/"},"modified":"2024-07-11T12:06:13","modified_gmt":"2024-07-11T10:06:13","slug":"cucurella-alkarja","status":"publish","type":"post","link":"https:\/\/podcast.rs\/en\/cucurella-alkarja\/","title":{"rendered":"Cucurella alkarja"},"content":{"rendered":"<p>\u201eIsteni Diego\u201d \u2013 \u00edgy nevezt\u00e9k el a heves v\u00e9rm\u00e9rs\u00e9klet\u0171 argentin focibar\u00e1tok, \u00e9s amikor n\u00e9h\u00e1ny \u00e9vvel ezel\u0151tt meghalt, nemzeti gy\u00e1sz volt a d\u00e9l-amerikai orsz\u00e1gban. N\u00e1polyban, ahol eur\u00f3pai korszak\u00e1ban j\u00e1tszott, ma az \u0151 nev\u00e9t viseli a v\u00e1ros stadionja. Diego Maradona k\u00e9ts\u00e9gtelen\u00fcl nagy <a href=\"https:\/\/podcast.szabadmagyarszo.com\/podcast\/cucurella-alkarja\/\"> Read more\u2026<\/a><\/p>","protected":false},"excerpt":{"rendered":"<p>\u201eIsteni Diego\u201d \u2013 \u00edgy nevezt\u00e9k el a heves v\u00e9rm\u00e9rs\u00e9klet\u0171 argentin focibar\u00e1tok, \u00e9s amikor n\u00e9h\u00e1ny \u00e9vvel ezel\u0151tt meghalt, nemzeti gy\u00e1sz volt a d\u00e9l-amerikai orsz\u00e1gban.<\/p>","protected":false},"author":4,"featured_media":123448,"comment_status":"","ping_status":"closed","sticky":false,"template":"","format":"standard","meta":{"footnotes":""},"categories":[588],"tags":[],"class_list":["post-123447","post","type-post","status-publish","format-standard","has-post-thumbnail","hentry","category-szabad-magyar-szo"],"_links":{"self":[{"href":"https:\/\/podcast.rs\/en\/wp-json\/wp\/v2\/posts\/123447","targetHints":{"allow":["GET"]}}],"collection":[{"href":"https:\/\/podcast.rs\/en\/wp-json\/wp\/v2\/posts"}],"about":[{"href":"https:\/\/podcast.rs\/en\/wp-json\/wp\/v2\/types\/post"}],"author":[{"embeddable":true,"href":"https:\/\/podcast.rs\/en\/wp-json\/wp\/v2\/users\/4"}],"replies":[{"embeddable":true,"href":"https:\/\/podcast.rs\/en\/wp-json\/wp\/v2\/comments?post=123447"}],"version-history":[{"count":0,"href":"https:\/\/podcast.rs\/en\/wp-json\/wp\/v2\/posts\/123447\/revisions"}],"wp:featuredmedia":[{"embeddable":true,"href":"https:\/\/podcast.rs\/en\/wp-json\/wp\/v2\/media\/123448"}],"wp:attachment":[{"href":"https:\/\/podcast.rs\/en\/wp-json\/wp\/v2\/media?parent=123447"}],"wp:term":[{"taxonomy":"category","embeddable":true,"href":"https:\/\/podcast.rs\/en\/wp-json\/wp\/v2\/categories?post=123447"},{"taxonomy":"post_tag","embeddable":true,"href":"https:\/\/podcast.rs\/en\/wp-json\/wp\/v2\/tags?post=123447"}],"curies":[{"name":"wp","href":"https:\/\/api.w.org\/{rel}","templated":true}]}}