{"id":123158,"date":"2024-07-07T18:00:00","date_gmt":"2024-07-07T16:00:00","guid":{"rendered":"https:\/\/podcast.rs\/kako-telefoni-uticuna-razvoj-dece-koliko-su-ekrani-stetni-dr-dobrinka-kuzmanovic-agelast-239\/"},"modified":"2026-04-29T04:06:16","modified_gmt":"2026-04-29T02:06:16","slug":"kako-telefoni-uticuna-razvoj-dece-koliko-su-ekrani-stetni-dr-dobrinka-kuzmanovic-agelast-239","status":"publish","type":"post","link":"https:\/\/podcast.rs\/en\/kako-telefoni-uticuna-razvoj-dece-koliko-su-ekrani-stetni-dr-dobrinka-kuzmanovic-agelast-239\/","title":{"rendered":"Kako telefoni uti\u010duna razvoj dece? Koliko su ekrani \u0161tetni | dr Dobrinka Kuzmanovi\u0107 | Agelast 239"},"content":{"rendered":"<p>Podr\u017eite me na Patreonu: <a href=\"https:\/\/www.patreon.com\/agelast\">https:\/\/www.patreon.com\/agelast<\/a><\/p>\n<p>Jednokratne donacije kanalu: <a href=\"https:\/\/www.paypal.me\/agelastpodcast\">https:\/\/www.paypal.me\/agelastpodcast<\/a><\/p>\n<p>Kripto donacije: BTC: 1BdrToPVPRbMtzPkdX8z3wviTHZZyzqD7w<\/p>\n<p>ETH: 0xe189975f215102DD2e2442B060D00b524a608167<\/p>\n<p>FB: <a href=\"https:\/\/www.facebook.com\/galebnikacevic\">https:\/\/www.facebook.com\/galebnikacevic<\/a><\/p>\n<p>Instagram: <a href=\"https:\/\/www.instagram.com\/agelast_\/\">https:\/\/www.instagram.com\/agelast_\/<\/a><\/p>\n<p>Twitter: <a href=\"https:\/\/twitter.com\/GalebNikacevic\">https:\/\/twitter.com\/GalebNikacev<\/a><\/p>\n<p>A1: <a href=\"https:\/\/a1.rs\/privatni\">https:\/\/a1.rs\/privatni<\/a><\/p>\n<p>Digitalni svet, a pre svega mobilni telefoni, dru\u0161tvene mre\u017ee i ekrani su tema koja sve vi\u0161e zauzima javni prostor. \u010cinjenica da nemamo generacijsko iskustvo i dovoljno temeljna i duga istra\u017eivanja da donosimo kona\u010dne sudove o uticajima i posledicama otvara prostor za va\u017ean javni diskurs na ove teme. Taj prostor, u nedostatku jasnih podataka, sve vi\u0161e ispunjavaju skepti\u010dni stavovi ili represivni stavovi o zabranama, poput \u201ephone free schools\u201d, dok pojedini svetski stru\u010dnjaci, poput socijalnog psihologa \u0110zonatana Hajta govore o gubljenju \u201eplay-based childhood\u201d (detinjstvu baziranom na igri), a sve vi\u0161e o \u201ephone-based childhood\u201d, (detinjstvu baziranom na telefonima). Ali gde je istina? I da li je uop\u0161te ima? Da li je ba\u0161 sve tako crno kada su digitalni ure\u0111aji i internet u pitanju? Da li mo\u017eemo da svalimo krivicu samo na to? Kada dete sme da po\u010dne da koristi ekrane? Kako da za\u0161titimo na\u0161u decu online? Kako mi da nau\u010dimo da ih pratimo i da im pomognemo ako i sami nemamo ta iskustva? Na ova i mnoga druga pitanja odgovor \u0107e probati da da na\u0161a nova go\u0161\u0107a, dr Dobrinka Kuzmanovi\u0107 koja se bavi razvojnom psihologijom, pedago\u0161kom psihologijom i psihologijom edukacije. Doktorirala je na digitalnoj pismenosti i svoj profesionalni rad je posvetila razumevanju digitalnih tehnologija i kako one uti\u010du na razvoj, ne samo dece i njihovih sposobnosti, ve\u0107 i \u0161ireg uticaja na edukaciju, obrazovni sistem i dru\u0161tvo u celini.<\/p>\n<\/p>\n<p>Audio: Marko Ignjatovi\u0107<\/p>\n<p>Instagram:<\/p>\n<p>Galeb Nika\u010devi\u0107 Hasci-Jare: <a href=\"https:\/\/www.instagram.com\/agelast_\/\">https:\/\/www.instagram.com\/agelast_\/<\/a><\/p>\n<p>Sandra Planojevi\u0107: <a href=\"https:\/\/www.instagram.com\/run_lola_run_7\/\">https:\/\/www.instagram.com\/run_lola_run_7\/<\/a><\/p>\n<p>Audio: Marko Ignjatovi\u0107<\/p>\n<p>Instagram:<\/p>\n<p>Galeb Nika\u010devi\u0107 Hasci-Jare: <a href=\"https:\/\/www.instagram.com\/agelast_\/\">https:\/\/www.instagram.com\/agelast_\/<\/a><\/p>\n<p>Sandra Planojevi\u0107: <a href=\"https:\/\/www.instagram.com\/run_lola_run_7\/\">https:\/\/www.instagram.com\/run_lola_run_7\/<\/a><\/p>","protected":false},"excerpt":{"rendered":"<p>Podr\u017eite me na Patreonu: https:\/\/www.patreon.com\/agelast Jednokratne donacije kanalu: https:\/\/www.paypal.me\/agelastpodcast Kripto donacije: BTC: 1BdrToPVPRbMtzPkdX8z3wviTHZZyzqD7w ETH: 0xe189975f215102DD2e2442B060D00b524a608167 FB: https:\/\/www.facebook.com\/galebnikacevic Instagram: https:\/\/www.instagram.com\/agelast_\/ Twitter: https:\/\/twitter.com\/GalebNikacev A1: https:\/\/a1.rs\/privatni Digitalni svet, a pre svega mobilni telefoni, dru\u0161tvene mre\u017ee i ekrani su tema koja sve vi\u0161e zauzima javni prostor. \u010cinjenica da nemamo generacijsko iskustvo i dovoljno temeljna i duga istra\u017eivanja da donosimo&#8230;<\/p>","protected":false},"author":3,"featured_media":642138,"comment_status":"closed","ping_status":"closed","sticky":false,"template":"","format":"standard","meta":{"footnotes":""},"categories":[27],"tags":[],"class_list":["post-123158","post","type-post","status-publish","format-standard","has-post-thumbnail","hentry","category-agelast"],"_links":{"self":[{"href":"https:\/\/podcast.rs\/en\/wp-json\/wp\/v2\/posts\/123158","targetHints":{"allow":["GET"]}}],"collection":[{"href":"https:\/\/podcast.rs\/en\/wp-json\/wp\/v2\/posts"}],"about":[{"href":"https:\/\/podcast.rs\/en\/wp-json\/wp\/v2\/types\/post"}],"author":[{"embeddable":true,"href":"https:\/\/podcast.rs\/en\/wp-json\/wp\/v2\/users\/3"}],"replies":[{"embeddable":true,"href":"https:\/\/podcast.rs\/en\/wp-json\/wp\/v2\/comments?post=123158"}],"version-history":[{"count":1,"href":"https:\/\/podcast.rs\/en\/wp-json\/wp\/v2\/posts\/123158\/revisions"}],"predecessor-version":[{"id":123166,"href":"https:\/\/podcast.rs\/en\/wp-json\/wp\/v2\/posts\/123158\/revisions\/123166"}],"wp:featuredmedia":[{"embeddable":true,"href":"https:\/\/podcast.rs\/en\/wp-json\/wp\/v2\/media\/642138"}],"wp:attachment":[{"href":"https:\/\/podcast.rs\/en\/wp-json\/wp\/v2\/media?parent=123158"}],"wp:term":[{"taxonomy":"category","embeddable":true,"href":"https:\/\/podcast.rs\/en\/wp-json\/wp\/v2\/categories?post=123158"},{"taxonomy":"post_tag","embeddable":true,"href":"https:\/\/podcast.rs\/en\/wp-json\/wp\/v2\/tags?post=123158"}],"curies":[{"name":"wp","href":"https:\/\/api.w.org\/{rel}","templated":true}]}}