{"id":122629,"date":"2024-06-30T17:54:55","date_gmt":"2024-06-30T15:54:55","guid":{"rendered":"https:\/\/podcast.rs\/dejan-cukic-muzicar-pisac-muzicki-novinar-i-urednik-agelast-238\/"},"modified":"2026-04-29T04:06:16","modified_gmt":"2026-04-29T02:06:16","slug":"dejan-cukic-muzicar-pisac-muzicki-novinar-i-urednik-agelast-238","status":"publish","type":"post","link":"https:\/\/podcast.rs\/en\/dejan-cukic-muzicar-pisac-muzicki-novinar-i-urednik-agelast-238\/","title":{"rendered":"Dejan Cuki\u0107 | muzi\u010dar, pisac, muzi\u010dki novinar i urednik | Agelast 238"},"content":{"rendered":"<p>Podr\u017eite me na Patreonu: <a href=\"https:\/\/www.patreon.com\/agelast\">https:\/\/www.patreon.com\/agelast<\/a><\/p>\n<p>Jednokratne donacije kanalu: <a href=\"https:\/\/www.paypal.me\/agelastpodcast\">https:\/\/www.paypal.me\/agelastpodcast<\/a><\/p>\n<p>Kripto donacije: BTC: 1BdrToPVPRbMtzPkdX8z3wviTHZZyzqD7w<\/p>\n<p>ETH: 0xe189975f215102DD2e2442B060D00b524a608167<\/p>\n<p>FB: <a href=\"https:\/\/www.facebook.com\/galebnikacevic\">https:\/\/www.facebook.com\/galebnikacevic<\/a><\/p>\n<p>Instagram: <a href=\"https:\/\/www.instagram.com\/agelast_\/\">https:\/\/www.instagram.com\/agelast_\/<\/a><\/p>\n<p>Twitter: <a href=\"https:\/\/twitter.com\/GalebNikacevic\">https:\/\/twitter.com\/GalebNikacev<\/a><\/p>\n<p>A1: <a href=\"https:\/\/a1.rs\/privatni\">https:\/\/a1.rs\/privatni<\/a><\/p>\n<p>Najzad je do\u0161ao trenutak da snimim epizodu sa Dejanom Cuki\u0107em. Dejan je za mene, pre svega, veoma drag prijatelj i kolega, a potom i muzi\u010dar kako ga naj\u0161ira publika i poznaje. Upoznali smo se sada ve\u0107 davnih ranih dvehiljaditih kada je bio muzi\u010dki urednik na jednoj maloj televiziji u prvim godinama mog rada u medijima. Njegova vedrina je prva stvar koju \u010dovek primeti, a odmah potom i strastvenu ljubav prema muzici. Od pisanja o muzici, preko prevo\u0111enja brojnih zna\u010dajnih knjiga o muzici i muzi\u010darima bez kojih bi na\u0161 pejza\u017e muzi\u010dke kulture bio znatno siroma\u0161niji, posebno rock n roll, pa sve do ure\u0111ivanja nekih od najpopularnijih muzi\u010dkih projekata poput \u201eTri boje zvuka&#8220;, i njegove radijske emisije na Radio 202 svakog ponedeljka u pono\u0107, \u201eOde ponedeljak&#8220;. U ovoj epizodi smo se, pre svega, lepo dru\u017eili, pri\u010dali naravno o muzici, ali i mnogim drugim \u017eivotnim temama, od njegove karijere do anegdota o zajedni\u010dkim iskustvima dok smo radili zajedno.<\/p>\n<\/p>\n<p>Audio: Marko Ignjatovi\u0107<\/p>\n<p>Instagram:<\/p>\n<p>Galeb Nika\u010devi\u0107 Hasci-Jare: <a href=\"https:\/\/www.instagram.com\/agelast_\/\">https:\/\/www.instagram.com\/agelast_\/<\/a><\/p>\n<p>Sandra Planojevi\u0107: <a href=\"https:\/\/www.instagram.com\/run_lola_run_7\/\">https:\/\/www.instagram.com\/run_lola_run_7\/<\/a><\/p>\n<p>Audio: Marko Ignjatovi\u0107<\/p>\n<p>Instagram:<\/p>\n<p>Galeb Nika\u010devi\u0107 Hasci-Jare: <a href=\"https:\/\/www.instagram.com\/agelast_\/\">https:\/\/www.instagram.com\/agelast_\/<\/a><\/p>\n<p>Sandra Planojevi\u0107: <a href=\"https:\/\/www.instagram.com\/run_lola_run_7\/\">https:\/\/www.instagram.com\/run_lola_run_7\/<\/a><\/p>","protected":false},"excerpt":{"rendered":"<p>Podr\u017eite me na Patreonu: https:\/\/www.patreon.com\/agelast Jednokratne donacije kanalu: https:\/\/www.paypal.me\/agelastpodcast Kripto donacije: BTC: 1BdrToPVPRbMtzPkdX8z3wviTHZZyzqD7w ETH: 0xe189975f215102DD2e2442B060D00b524a608167 FB: https:\/\/www.facebook.com\/galebnikacevic Instagram: https:\/\/www.instagram.com\/agelast_\/ Twitter: https:\/\/twitter.com\/GalebNikacev A1: https:\/\/a1.rs\/privatni Najzad je do\u0161ao trenutak da snimim epizodu sa Dejanom Cuki\u0107em. Dejan je za mene, pre svega, veoma drag prijatelj i kolega, a potom i muzi\u010dar kako ga naj\u0161ira publika i poznaje. Upoznali&#8230;<\/p>","protected":false},"author":3,"featured_media":642139,"comment_status":"closed","ping_status":"closed","sticky":false,"template":"","format":"standard","meta":{"footnotes":""},"categories":[27],"tags":[],"class_list":["post-122629","post","type-post","status-publish","format-standard","has-post-thumbnail","hentry","category-agelast"],"_links":{"self":[{"href":"https:\/\/podcast.rs\/en\/wp-json\/wp\/v2\/posts\/122629","targetHints":{"allow":["GET"]}}],"collection":[{"href":"https:\/\/podcast.rs\/en\/wp-json\/wp\/v2\/posts"}],"about":[{"href":"https:\/\/podcast.rs\/en\/wp-json\/wp\/v2\/types\/post"}],"author":[{"embeddable":true,"href":"https:\/\/podcast.rs\/en\/wp-json\/wp\/v2\/users\/3"}],"replies":[{"embeddable":true,"href":"https:\/\/podcast.rs\/en\/wp-json\/wp\/v2\/comments?post=122629"}],"version-history":[{"count":1,"href":"https:\/\/podcast.rs\/en\/wp-json\/wp\/v2\/posts\/122629\/revisions"}],"predecessor-version":[{"id":122635,"href":"https:\/\/podcast.rs\/en\/wp-json\/wp\/v2\/posts\/122629\/revisions\/122635"}],"wp:featuredmedia":[{"embeddable":true,"href":"https:\/\/podcast.rs\/en\/wp-json\/wp\/v2\/media\/642139"}],"wp:attachment":[{"href":"https:\/\/podcast.rs\/en\/wp-json\/wp\/v2\/media?parent=122629"}],"wp:term":[{"taxonomy":"category","embeddable":true,"href":"https:\/\/podcast.rs\/en\/wp-json\/wp\/v2\/categories?post=122629"},{"taxonomy":"post_tag","embeddable":true,"href":"https:\/\/podcast.rs\/en\/wp-json\/wp\/v2\/tags?post=122629"}],"curies":[{"name":"wp","href":"https:\/\/api.w.org\/{rel}","templated":true}]}}