{"id":120411,"date":"2024-06-23T18:00:00","date_gmt":"2024-06-23T16:00:00","guid":{"rendered":"https:\/\/podcast.rs\/nasilje-u-skolama-prof-dr-aleksandar-baucal-prof-dr-jelena-vranjasevic-aleksandar-markov-237\/"},"modified":"2026-04-29T04:06:16","modified_gmt":"2026-04-29T02:06:16","slug":"nasilje-u-skolama-prof-dr-aleksandar-baucal-prof-dr-jelena-vranjasevic-aleksandar-markov-237","status":"publish","type":"post","link":"https:\/\/podcast.rs\/en\/nasilje-u-skolama-prof-dr-aleksandar-baucal-prof-dr-jelena-vranjasevic-aleksandar-markov-237\/","title":{"rendered":"Nasilje u \u0161kolama | prof. dr Aleksandar Baucal, prof. dr Jelena Vranja\u0161evi\u0107, Aleksandar Markov | 237"},"content":{"rendered":"<p>Podr\u017eite me na Patreonu: <a href=\"https:\/\/www.patreon.com\/agelast\">https:\/\/www.patreon.com\/agelast<\/a><\/p>\n<p>Jednokratne donacije kanalu: <a href=\"https:\/\/www.paypal.me\/agelastpodcast\">https:\/\/www.paypal.me\/agelastpodcast<\/a><\/p>\n<p>Kripto donacije: BTC: 1BdrToPVPRbMtzPkdX8z3wviTHZZyzqD7w<\/p>\n<p>ETH: 0xe189975f215102DD2e2442B060D00b524a608167<\/p>\n<p>FB: <a href=\"https:\/\/www.facebook.com\/galebnikacevic\">https:\/\/www.facebook.com\/galebnikacevic<\/a><\/p>\n<p>Instagram: <a href=\"https:\/\/www.instagram.com\/agelast_\/\">https:\/\/www.instagram.com\/agelast_\/<\/a><\/p>\n<p>Twitter: <a href=\"https:\/\/twitter.com\/GalebNikacevic\">https:\/\/twitter.com\/GalebNikacev<\/a><\/p>\n<p>A1: <a href=\"https:\/\/a1.rs\/privatni\">https:\/\/a1.rs\/privatni<\/a><\/p>\n<p>S obzirom na de\u0161avanja u \u0161kolama poslednjih nekoliko dana, tema nasilja je ponovno aktuelna. Nakon majskih tragedija prethodne godine, shvatili smo da kao dru\u0161tvo imamo daleko \u0161iri problem sa nasiljem nego \u0161to smo i pretpostavljali. Veliki broj sistemskih propusta zavr\u0161io se nekakvim smernicama koje nisu imale mnogo ve\u0107u funkciju od re\u0161avanja odgovornosti. Tako ogoljen, sistem je pokazao veliki broj svojih dugogodi\u0161njih nedostataka, a usledilo je odmah nakon kovida.\u00a0<br \/>U me\u0111uvremenu kao odgovor na sve ovo nastala je gra\u0111anska inicijativa pod nazivom \u201eMajska platforma\u201d, iz potrebe da kao zajednica tragamo za odgovorima neverovatne erupcije nasilja koje je po\u010delo pro\u0161le godine.\u00a0<br \/>U gostima sa nama ove nedelje su su dvoje \u010dlanova radne grupe ove inicijative za obrazovanje, a to su prof. dr Jelena Vranje\u0161evi\u0107 redovna profesorka razvojne psihologije na Filozofskom fakultetu, na Odeljenju za pedagogiju i andragogiju, kao i u na\u0161em podkastu dobro poznat prof. dr Aleksandar Baucal, redovni profesor na Filozofskom fakultetu u Beogradu, bavi se razvojnom psihologijom i psihologijom obrazovanja, a u\u010destvovao je u reformama obrazovanja od 2001. do 2004. godine u Srbiji i Aleksandar Markov, nastavnik istorije i predsednik Foruma beogradskih gimnazija.<br \/>Posetite <a href=\"https:\/\/majskaplatforma.rs\" rel=\"nofollow\">https:\/\/majskaplatforma.rs<\/a>, pro\u010ditajte je i prosledite dalje da do\u0111e \u0161to \u0161to ve\u0107eg broja ljudi.<\/p>\n<\/p>\n<p>Audio: Marko Ignjatovi\u0107<\/p>\n<p>Instagram:<\/p>\n<p>Galeb Nika\u010devi\u0107 Hasci-Jare: <a href=\"https:\/\/www.instagram.com\/agelast_\/\">https:\/\/www.instagram.com\/agelast_\/<\/a><\/p>\n<p>Sandra Planojevi\u0107: <a href=\"https:\/\/www.instagram.com\/run_lola_run_7\/\">https:\/\/www.instagram.com\/run_lola_run_7\/<\/a><\/p>\n<p>Audio: Marko Ignjatovi\u0107<\/p>\n<p>Instagram:<\/p>\n<p>Galeb Nika\u010devi\u0107 Hasci-Jare: <a href=\"https:\/\/www.instagram.com\/agelast_\/\">https:\/\/www.instagram.com\/agelast_\/<\/a><\/p>\n<p>Sandra Planojevi\u0107: <a href=\"https:\/\/www.instagram.com\/run_lola_run_7\/\">https:\/\/www.instagram.com\/run_lola_run_7\/<\/a><\/p>","protected":false},"excerpt":{"rendered":"<p>Podr\u017eite me na Patreonu: https:\/\/www.patreon.com\/agelast Jednokratne donacije kanalu: https:\/\/www.paypal.me\/agelastpodcast Kripto donacije: BTC: 1BdrToPVPRbMtzPkdX8z3wviTHZZyzqD7w ETH: 0xe189975f215102DD2e2442B060D00b524a608167 FB: https:\/\/www.facebook.com\/galebnikacevic Instagram: https:\/\/www.instagram.com\/agelast_\/ Twitter: https:\/\/twitter.com\/GalebNikacev A1: https:\/\/a1.rs\/privatni S obzirom na de\u0161avanja u \u0161kolama poslednjih nekoliko dana, tema nasilja je ponovno aktuelna. Nakon majskih tragedija prethodne godine, shvatili smo da kao dru\u0161tvo imamo daleko \u0161iri problem sa nasiljem nego \u0161to&#8230;<\/p>","protected":false},"author":3,"featured_media":642140,"comment_status":"closed","ping_status":"closed","sticky":false,"template":"","format":"standard","meta":{"footnotes":""},"categories":[27],"tags":[],"class_list":["post-120411","post","type-post","status-publish","format-standard","has-post-thumbnail","hentry","category-agelast"],"_links":{"self":[{"href":"https:\/\/podcast.rs\/en\/wp-json\/wp\/v2\/posts\/120411","targetHints":{"allow":["GET"]}}],"collection":[{"href":"https:\/\/podcast.rs\/en\/wp-json\/wp\/v2\/posts"}],"about":[{"href":"https:\/\/podcast.rs\/en\/wp-json\/wp\/v2\/types\/post"}],"author":[{"embeddable":true,"href":"https:\/\/podcast.rs\/en\/wp-json\/wp\/v2\/users\/3"}],"replies":[{"embeddable":true,"href":"https:\/\/podcast.rs\/en\/wp-json\/wp\/v2\/comments?post=120411"}],"version-history":[{"count":1,"href":"https:\/\/podcast.rs\/en\/wp-json\/wp\/v2\/posts\/120411\/revisions"}],"predecessor-version":[{"id":120431,"href":"https:\/\/podcast.rs\/en\/wp-json\/wp\/v2\/posts\/120411\/revisions\/120431"}],"wp:featuredmedia":[{"embeddable":true,"href":"https:\/\/podcast.rs\/en\/wp-json\/wp\/v2\/media\/642140"}],"wp:attachment":[{"href":"https:\/\/podcast.rs\/en\/wp-json\/wp\/v2\/media?parent=120411"}],"wp:term":[{"taxonomy":"category","embeddable":true,"href":"https:\/\/podcast.rs\/en\/wp-json\/wp\/v2\/categories?post=120411"},{"taxonomy":"post_tag","embeddable":true,"href":"https:\/\/podcast.rs\/en\/wp-json\/wp\/v2\/tags?post=120411"}],"curies":[{"name":"wp","href":"https:\/\/api.w.org\/{rel}","templated":true}]}}