{"id":117374,"date":"2024-06-16T18:00:00","date_gmt":"2024-06-16T16:00:00","guid":{"rendered":"https:\/\/podcast.rs\/mentalno-zdravlje-u-srbiji-dr-masa-vukcevic-markovic-prof-dr-tamara-dzamonja-ignjatovic-236\/"},"modified":"2026-04-29T04:06:16","modified_gmt":"2026-04-29T02:06:16","slug":"mentalno-zdravlje-u-srbiji-dr-masa-vukcevic-markovic-prof-dr-tamara-dzamonja-ignjatovic-236","status":"publish","type":"post","link":"https:\/\/podcast.rs\/en\/mentalno-zdravlje-u-srbiji-dr-masa-vukcevic-markovic-prof-dr-tamara-dzamonja-ignjatovic-236\/","title":{"rendered":"Mentalno zdravlje u Srbiji | dr Ma\u0161a Vuk\u010devi\u0107 Markovi\u0107, prof. dr Tamara D\u017eamonja Ignjatovi\u0107 | #236"},"content":{"rendered":"<p>Podr\u017eite me na Patreonu: <a href=\"https:\/\/www.patreon.com\/agelast\">https:\/\/www.patreon.com\/agelast<\/a><\/p>\n<p>Jednokratne donacije kanalu: <a href=\"https:\/\/www.paypal.me\/agelastpodcast\">https:\/\/www.paypal.me\/agelastpodcast<\/a><\/p>\n<p>Kripto donacije: BTC: 1BdrToPVPRbMtzPkdX8z3wviTHZZyzqD7w<\/p>\n<p>ETH: 0xe189975f215102DD2e2442B060D00b524a608167<\/p>\n<p>FB: <a href=\"https:\/\/www.facebook.com\/galebnikacevic\">https:\/\/www.facebook.com\/galebnikacevic<\/a><\/p>\n<p>Instagram: <a href=\"https:\/\/www.instagram.com\/agelast_\/\">https:\/\/www.instagram.com\/agelast_\/<\/a><\/p>\n<p>Twitter: <a href=\"https:\/\/twitter.com\/GalebNikacevic\">https:\/\/twitter.com\/GalebNikacev<\/a><\/p>\n<p>A1: <a href=\"https:\/\/a1.rs\/privatni\">https:\/\/a1.rs\/privatni<\/a><\/p>\n<p>Pre nekoliko meseci Dru\u0161tvo psihologa Srbije oglasilo se saop\u0161tenjem za javnost o dramati\u010dnom porastu problema mentalnog zdravlja u Srbiji. Svi mi, na ovaj ili onaj na\u010din, zahvaljuju\u0107i svojim iskustvima i posmatranjem sveta oko sebe vidimo i pretpostavljamo kako stoje stvari u svetu oko nas, ali to je, ipak, samo subjektivno mi\u0161ljenje. Ovoga puta jasna inicijativa stigla je sa ta\u010dke autoriteta i nosi sa sobom odre\u0111enu te\u017einu.<br \/>Ura\u0111eno je veliko istra\u017eivanje na reprezentativnom uzroku i rezultati su tu. Kakvo je mentalno zdravlje u Srbiji? Koja je razlika izme\u0111u psihi\u010dkih poreme\u0107aja i psihi\u010dkih smetnji? Kakve su navike u vezi sa mentalnom higijenom u Srbiji? Kakav nam je odnos prema ljudima sa psihi\u010dkim smetnjama i poreme\u0107ajima, kakva je sistemska podr\u0161ka, a kakvi su zakoni o mentalnom zdravlju i edukacija razli\u010ditog osoblja, od zdravstva do policije?<br \/>Ove i mnoge druge teme u razgovoru sa Tamarom D\u017eamonjom Ignjatovi\u0107 i Ma\u0161om Vuk\u010devi\u0107 Markovi\u0107. Tamara D\u017eamonja Ignjatovi\u0107 je redovna profesorka na Odeljenju za psihologiju Filozofskog fakulteta Univerziteta u Beogradu. Predaje kurseve iz oblasti klini\u010dke psihologije i mentalnog zdravlja. Prethodno je radila na Klinici za psihijatriju Klini\u010dkog centra Srbije, gde je zavr\u0161ila specijalizaciju iz medicinske psihologije na medicinskom fakultetu u Beogradu. Predavala je preko 20 godina na Fakultetu politi\u010dkih nauka. Ma\u0161a Vuk\u010devi\u0107 Markovi\u0107 je doktor psiholo\u0161kih nauka, zaposlena na Odeljenju za psihologiju Filozofskog fakulteta u Beogradu kao nau\u010dna saradnica, i rukovoditeljka je organizacije PIN (PIN &#8211; Psychosocial Innovation Network). Ima vi\u0161e od 10 godina iskustva u psihoterapijskom radu, a primarno se bavi istra\u017eivanjima u oblasti mentalnog zdravlja, i zalaganjem za sistemske promene koje bi omogu\u0107ile adekvatnu brigu o mentalnom zdravlju.<\/p>\n<p>Relevantni linkovi za razgovor:\u00a0<br \/>PIN (Psychosocial Innovation Network)<\/p>\n<p>Instagram (@psychosocialinnovationnetwork) : <a href=\"https:\/\/www.instagram.com\/psychosocialinnovationnetwork\/\">https:\/\/www.instagram.com\/psychosocialinnovationnetwork\/<\/a><\/p>\n<p>Facebook (PIN &#8211; Psychosocial Innovation Network) : <a href=\"https:\/\/www.facebook.com\/pinfb\">https:\/\/www.facebook.com\/pinfb<\/a><\/p>\n<p>LinkedIn (Psychosocial Innovation Network &#8211; PIN) : <a href=\"https:\/\/www.linkedin.com\/company\/psychosocial-innovation-network\/\"><a href=\"https:\/\/www.linkedin.com\/company\/psychosocial-innovation-network\/\" rel=\"nofollow\">https:\/\/www.linkedin.com\/company\/psychosocial-innovation-network\/<\/a><br \/><\/a>Websajt : <a href=\"https:\/\/psychosocialinnovation.net\/o-nama\/\">https:\/\/psychosocialinnovation.net\/o-nama\/<\/a><\/p>\n<p>Istra\u017eiva\u010dki izve\u0161taj: Mentalno zdravlje u Srbiji: procena potreba, faktora rizika, i barijera u dobijanju stru\u010dne podr\u0161ke : <a href=\"https:\/\/psychosocialinnovation.net\/wp-content\/uploads\/2022\/05\/PROCENA-POTREBA-FAKTORA-RIZIKA-I-BARIJERA-U-DOBIJANJU-STRUCNE-PODRSKE.pdf\">https:\/\/psychosocialinnovation.net\/wp-content\/uploads\/2022\/05\/PROCENA-POTREBA-FAKTORA-RIZIKA-I-BARIJERA-U-DOBIJANJU-STRUCNE-PODRSKE.pdf<\/a><\/p>\n<p>LIRA Lab<\/p>\n<p>Facebook (LIRA Lab) : <a href=\"https:\/\/www.facebook.com\/LiraLab.Bgd\/\">https:\/\/www.facebook.com\/LiraLab.Bgd\/<\/a><\/p>\n<p>LinkedIn (LIRA Lab) : <a href=\"https:\/\/www.linkedin.com\/company\/lira-lab-bgd\/\">https:\/\/www.linkedin.com\/company\/lira-lab-bgd\/<\/a><\/p>\n<p>X (@LiraLab_Bgd) : <a href=\"https:\/\/x.com\/LiraLab_Bgd\">https:\/\/x.com\/LiraLab_Bgd<\/a><\/p>\n<p>Websajt : <a href=\"https:\/\/lira.f.bg.ac.rs\/sr\/\"><a href=\"https:\/\/lira.f.bg.ac.rs\/sr\/\" rel=\"nofollow\">https:\/\/lira.f.bg.ac.rs\/sr\/<\/a><br \/><\/a><\/p>\n<p>Audio: Marko Ignjatovi\u0107<\/p>\n<p>Instagram:<\/p>\n<p>Galeb Nika\u010devi\u0107 Hasci-Jare: <a href=\"https:\/\/www.instagram.com\/agelast_\/\">https:\/\/www.instagram.com\/agelast_\/<\/a><\/p>\n<p>Sandra Planojevi\u0107: <a href=\"https:\/\/www.instagram.com\/run_lola_run_7\/\">https:\/\/www.instagram.com\/run_lola_run_7\/<\/a><\/p>\n<p>Audio: Marko Ignjatovi\u0107<\/p>\n<p>Instagram:<\/p>\n<p>Galeb Nika\u010devi\u0107 Hasci-Jare: <a href=\"https:\/\/www.instagram.com\/agelast_\/\">https:\/\/www.instagram.com\/agelast_\/<\/a><\/p>\n<p>Sandra Planojevi\u0107: <a href=\"https:\/\/www.instagram.com\/run_lola_run_7\/\">https:\/\/www.instagram.com\/run_lola_run_7\/<\/a><\/p>","protected":false},"excerpt":{"rendered":"<p>Podr\u017eite me na Patreonu: https:\/\/www.patreon.com\/agelast Jednokratne donacije kanalu: https:\/\/www.paypal.me\/agelastpodcast Kripto donacije: BTC: 1BdrToPVPRbMtzPkdX8z3wviTHZZyzqD7w ETH: 0xe189975f215102DD2e2442B060D00b524a608167 FB: https:\/\/www.facebook.com\/galebnikacevic Instagram: https:\/\/www.instagram.com\/agelast_\/ Twitter: https:\/\/twitter.com\/GalebNikacev A1: https:\/\/a1.rs\/privatni Pre nekoliko meseci Dru\u0161tvo psihologa Srbije oglasilo se saop\u0161tenjem za javnost o dramati\u010dnom porastu problema mentalnog zdravlja u Srbiji. Svi mi, na ovaj ili onaj na\u010din, zahvaljuju\u0107i svojim iskustvima i posmatranjem sveta&#8230;<\/p>","protected":false},"author":3,"featured_media":642141,"comment_status":"closed","ping_status":"closed","sticky":false,"template":"","format":"standard","meta":{"footnotes":""},"categories":[27],"tags":[],"class_list":["post-117374","post","type-post","status-publish","format-standard","has-post-thumbnail","hentry","category-agelast"],"_links":{"self":[{"href":"https:\/\/podcast.rs\/en\/wp-json\/wp\/v2\/posts\/117374","targetHints":{"allow":["GET"]}}],"collection":[{"href":"https:\/\/podcast.rs\/en\/wp-json\/wp\/v2\/posts"}],"about":[{"href":"https:\/\/podcast.rs\/en\/wp-json\/wp\/v2\/types\/post"}],"author":[{"embeddable":true,"href":"https:\/\/podcast.rs\/en\/wp-json\/wp\/v2\/users\/3"}],"replies":[{"embeddable":true,"href":"https:\/\/podcast.rs\/en\/wp-json\/wp\/v2\/comments?post=117374"}],"version-history":[{"count":1,"href":"https:\/\/podcast.rs\/en\/wp-json\/wp\/v2\/posts\/117374\/revisions"}],"predecessor-version":[{"id":117378,"href":"https:\/\/podcast.rs\/en\/wp-json\/wp\/v2\/posts\/117374\/revisions\/117378"}],"wp:featuredmedia":[{"embeddable":true,"href":"https:\/\/podcast.rs\/en\/wp-json\/wp\/v2\/media\/642141"}],"wp:attachment":[{"href":"https:\/\/podcast.rs\/en\/wp-json\/wp\/v2\/media?parent=117374"}],"wp:term":[{"taxonomy":"category","embeddable":true,"href":"https:\/\/podcast.rs\/en\/wp-json\/wp\/v2\/categories?post=117374"},{"taxonomy":"post_tag","embeddable":true,"href":"https:\/\/podcast.rs\/en\/wp-json\/wp\/v2\/tags?post=117374"}],"curies":[{"name":"wp","href":"https:\/\/api.w.org\/{rel}","templated":true}]}}