{"id":116261,"date":"2024-06-12T12:03:10","date_gmt":"2024-06-12T10:03:10","guid":{"rendered":"https:\/\/podcast.rs\/?p=116261"},"modified":"2024-06-12T12:43:49","modified_gmt":"2024-06-12T10:43:49","slug":"citav-ovaj-podkast-je-jedan-veliki-nijenjuz-njuz-podkast-148","status":"publish","type":"post","link":"https:\/\/podcast.rs\/en\/citav-ovaj-podkast-je-jedan-veliki-nijenjuz-njuz-podkast-148\/","title":{"rendered":"\u010citav ovaj podkast je jedan veliki #NijeNjuz : Njuz Podkast 148"},"content":{"rendered":"<p>Ispostavilo se da su sve teme prethodne nedelje bile jedan veliki #nijenjuz, tako da u ovom izdanju podkasta imate spoj rubrika Kolegijum i Nije Njuz.<br \/>\nPri\u010dali smo o Svesrpskom saboru i ko nam krade i svojata zastavu? Komentarisali smo razloge za\u0161to je predsednik Vu\u010di\u0107 ljut na RTS i da li je ba\u0161 on zaslu\u017ean za nastup Joki\u0107a za reprezentaciju Srbije na OI u Parizu.<br \/>\nNismo zaboravili ni skandal sa (ne)izborom Slavi\u0161e Orli\u0107a za dekana FPN. I ne mo\u017eemo da ne spomenemo na\u0161eg kolegu Miroslava Vujovi\u0107a Gravu koji je napravio pravu pometnju sa izmenjenim logom kompanije Lacosta, povodom Novakove povrede i odustajanja na RG.<\/p>\n<p>Vidimo se 24. juna od 18h u Aran\u0111elovcu, u Kavani!<\/p>\n<p>\ud83e\uddd7\u200d\u2640\ufe0f Ukoliko ste ljubitelji ekstremnih sportova, posetite penja\u010dki centar u Silosima (Dunavski kej 46) koji je pre nekoliko dana otvoren u saradnji sa na\u0161im dragim prijateljima iz kompanije  @A1Srbija  !<br \/>\n&#8212;<br \/>\nKripto voleti:<br \/>\nViktor BTC bc1q4estcdlypugcz5hnwd8z0gl64lmh6l2lsy23yt<br \/>\nNenad BTC 1AcKQwLtpnd9CmYD1N26tGtiBZaD8Jtb7M<br \/>\n(ostali kada otvore)<\/p>\n<p>Od sada nas mo\u017eete podr\u017eite i na YouTubeu:<br \/>\nhttps:\/\/www.youtube.com\/channel\/UCbYHvSoOkkHfhPTNkz4RmQg\/join<\/p>\n<p>Budite vi sponzor podkasta na Patreonu:<br \/>\nhttps:\/\/www.patreon.com\/njuz<\/p>\n<p>Kupite NJUZ majice:<br \/>\nhttps:\/\/www.dechkotzar.com\/sr\/tag\/njuz\/<\/p>\n<p>&#8212;<br \/>\nAudio podcasti:<br \/>\nDeezer https:\/\/www.deezer.com\/en\/show\/1736292<br \/>\nSoundcloud https:\/\/soundcloud.com\/njuz-net<br \/>\nApple https:\/\/podcasts.apple.com\/us\/podcast\/njuznet\/id1531300158<br \/>\nSpotify https:\/\/open.spotify.com\/show\/5M6FZXlro5U1bmjgj8xWiN<br \/>\nGoogle https:\/\/podcasts.google.com\/feed\/aHR0cHM6Ly9mZWVkcy5zb3VuZGNsb3VkLmNvbS91c2Vycy9zb3VuZGNsb3VkOnVzZXJzOjg3ODUzNDAwNS9zb3VuZHMucnNz<\/p>\n<p>Njuzovci na Instagramu:<br \/>\nhttps:\/\/www.instagram.com\/je.li.savetaa\/<br \/>\nhttps:\/\/www.instagram.com\/nenad.milosavljevic\/<br \/>\nhttps:\/\/www.instagram.com\/graforidza\/<br \/>\nhttps:\/\/www.instagram.com\/viktorxmarkovic\/<br \/>\nhttps:\/\/www.instagram.com\/marko_drazic\/<br \/>\nhttps:\/\/www.instagram.com\/vvukovv\/<\/p>","protected":false},"excerpt":{"rendered":"<p>Ispostavilo se da su sve teme prethodne nedelje bile jedan veliki #nijenjuz, tako da u ovom izdanju podkasta imate spoj rubrika Kolegijum i Nije Njuz. Pri\u010dali smo o Svesrpskom saboru i ko nam krade i svojata zastavu? Komentarisali smo razloge za\u0161to je predsednik Vu\u010di\u0107 ljut na RTS i da li je ba\u0161 on zaslu\u017ean za&#8230;<\/p>","protected":false},"author":3,"featured_media":20856,"comment_status":"close","ping_status":"closed","sticky":false,"template":"","format":"audio","meta":{"footnotes":""},"categories":[188],"tags":[],"class_list":["post-116261","post","type-post","status-publish","format-audio","has-post-thumbnail","hentry","category-njuz-net","post_format-post-format-audio"],"_links":{"self":[{"href":"https:\/\/podcast.rs\/en\/wp-json\/wp\/v2\/posts\/116261","targetHints":{"allow":["GET"]}}],"collection":[{"href":"https:\/\/podcast.rs\/en\/wp-json\/wp\/v2\/posts"}],"about":[{"href":"https:\/\/podcast.rs\/en\/wp-json\/wp\/v2\/types\/post"}],"author":[{"embeddable":true,"href":"https:\/\/podcast.rs\/en\/wp-json\/wp\/v2\/users\/3"}],"replies":[{"embeddable":true,"href":"https:\/\/podcast.rs\/en\/wp-json\/wp\/v2\/comments?post=116261"}],"version-history":[{"count":1,"href":"https:\/\/podcast.rs\/en\/wp-json\/wp\/v2\/posts\/116261\/revisions"}],"predecessor-version":[{"id":116262,"href":"https:\/\/podcast.rs\/en\/wp-json\/wp\/v2\/posts\/116261\/revisions\/116262"}],"wp:featuredmedia":[{"embeddable":true,"href":"https:\/\/podcast.rs\/en\/wp-json\/wp\/v2\/media\/20856"}],"wp:attachment":[{"href":"https:\/\/podcast.rs\/en\/wp-json\/wp\/v2\/media?parent=116261"}],"wp:term":[{"taxonomy":"category","embeddable":true,"href":"https:\/\/podcast.rs\/en\/wp-json\/wp\/v2\/categories?post=116261"},{"taxonomy":"post_tag","embeddable":true,"href":"https:\/\/podcast.rs\/en\/wp-json\/wp\/v2\/tags?post=116261"}],"curies":[{"name":"wp","href":"https:\/\/api.w.org\/{rel}","templated":true}]}}