{"id":115567,"date":"2024-06-05T14:32:02","date_gmt":"2024-06-05T12:32:02","guid":{"rendered":"https:\/\/podcast.rs\/?p=115567"},"modified":"2024-06-05T14:41:05","modified_gmt":"2024-06-05T12:41:05","slug":"prijatelji-sns-i-bezanija-sa-kutijama-njuz-podkast-147","status":"publish","type":"post","link":"https:\/\/podcast.rs\/en\/prijatelji-sns-i-bezanija-sa-kutijama-njuz-podkast-147\/","title":{"rendered":"Prijatelji SNS i be\u017eanija sa kutijama : Njuz Podkast 147"},"content":{"rendered":"<p>Ovog ponedeljka gostovali smo u Somboru i snimili jo\u0161 jedan sjajan live podkast.<br \/>\nPri\u010dali smo, naravno, o izborima i ko je sve be\u017eao iz kol centara SNS, ko je branio izbornu volju u Novom Sadu. Istra\u017eujemo ko se krio u podrumu picerije Miodraga Sovti\u0107a i kako je Mi\u0107a postao gazda Dor\u010dola. Jelisaveta i Viktor prenose svoje utiske sa glasa\u010dkih mesta.<br \/>\nPrisetili smo se i pro\u0161lonedeljne epizode AmiG Show u kojoj su Da\u010di\u0107 i Milica Zavetnica pevali &#8222;Jorgovane&#8220;, a Sini\u0161a Mali radio sklekove. Jedan od Njuzovaca apelovao je na spa\u0161avanje Ami\u017eija i tog pakla. <\/p>\n<p>&#8212;<br \/>\nKripto voleti:<br \/>\nViktor BTC bc1q4estcdlypugcz5hnwd8z0gl64lmh6l2lsy23yt<br \/>\nNenad BTC 1AcKQwLtpnd9CmYD1N26tGtiBZaD8Jtb7M<br \/>\n(ostali kada otvore)<\/p>\n<p>Od sada nas mo\u017eete podr\u017eite i na YouTubeu:<br \/>\nhttps:\/\/www.youtube.com\/channel\/UCbYH&#8230;<\/p>\n<p>Budite vi sponzor podkasta na Patreonu:<br \/>\nhttps:\/\/www.patreon.com\/njuz<\/p>\n<p>Kupite NJUZ majice:<br \/>\nhttps:\/\/www.dechkotzar.com\/sr\/tag\/njuz\/<\/p>\n<p>&#8212;<br \/>\nAudio podcasti:<br \/>\nDeezer https:\/\/www.deezer.com\/en\/show\/1736292<br \/>\nSoundcloud https:\/\/soundcloud.com\/njuz-net<br \/>\nApple https:\/\/podcasts.apple.com\/us\/podcast&#8230;<br \/>\nSpotify https:\/\/open.spotify.com\/show\/5M6FZXl&#8230;<br \/>\nGoogle https:\/\/podcasts.google.com\/feed\/aHR0&#8230;<\/p>\n<p>Njuzovci na Instagramu:<br \/>\nhttps:\/\/www.instagram.com\/je.li.savetaa\/<br \/>\nhttps:\/\/www.instagram.com\/nenad.milos&#8230;<br \/>\nhttps:\/\/www.instagram.com\/graforidza\/<br \/>\nhttps:\/\/www.instagram.com\/viktorxmark&#8230;<br \/>\nhttps:\/\/www.instagram.com\/marko_drazic\/<br \/>\nhttps:\/\/www.instagram.com\/vvukovv\/<\/p>\n<p>#podcast #njuznet #novisad #boegrad #izbori2024 #krenipromeni #vesti<\/p>","protected":false},"excerpt":{"rendered":"<p>Ovog ponedeljka gostovali smo u Somboru i snimili jo\u0161 jedan sjajan live podkast. Pri\u010dali smo, naravno, o izborima i ko je sve be\u017eao iz kol centara SNS, ko je branio izbornu volju u Novom Sadu. Istra\u017eujemo ko se krio u podrumu picerije Miodraga Sovti\u0107a i kako je Mi\u0107a postao gazda Dor\u010dola. Jelisaveta i Viktor prenose&#8230;<\/p>","protected":false},"author":3,"featured_media":20856,"comment_status":"close","ping_status":"closed","sticky":false,"template":"","format":"audio","meta":{"footnotes":""},"categories":[188],"tags":[],"class_list":["post-115567","post","type-post","status-publish","format-audio","has-post-thumbnail","hentry","category-njuz-net","post_format-post-format-audio"],"_links":{"self":[{"href":"https:\/\/podcast.rs\/en\/wp-json\/wp\/v2\/posts\/115567","targetHints":{"allow":["GET"]}}],"collection":[{"href":"https:\/\/podcast.rs\/en\/wp-json\/wp\/v2\/posts"}],"about":[{"href":"https:\/\/podcast.rs\/en\/wp-json\/wp\/v2\/types\/post"}],"author":[{"embeddable":true,"href":"https:\/\/podcast.rs\/en\/wp-json\/wp\/v2\/users\/3"}],"replies":[{"embeddable":true,"href":"https:\/\/podcast.rs\/en\/wp-json\/wp\/v2\/comments?post=115567"}],"version-history":[{"count":1,"href":"https:\/\/podcast.rs\/en\/wp-json\/wp\/v2\/posts\/115567\/revisions"}],"predecessor-version":[{"id":115568,"href":"https:\/\/podcast.rs\/en\/wp-json\/wp\/v2\/posts\/115567\/revisions\/115568"}],"wp:featuredmedia":[{"embeddable":true,"href":"https:\/\/podcast.rs\/en\/wp-json\/wp\/v2\/media\/20856"}],"wp:attachment":[{"href":"https:\/\/podcast.rs\/en\/wp-json\/wp\/v2\/media?parent=115567"}],"wp:term":[{"taxonomy":"category","embeddable":true,"href":"https:\/\/podcast.rs\/en\/wp-json\/wp\/v2\/categories?post=115567"},{"taxonomy":"post_tag","embeddable":true,"href":"https:\/\/podcast.rs\/en\/wp-json\/wp\/v2\/tags?post=115567"}],"curies":[{"name":"wp","href":"https:\/\/api.w.org\/{rel}","templated":true}]}}