{"id":114772,"date":"2024-05-26T12:00:00","date_gmt":"2024-05-26T10:00:00","guid":{"rendered":"https:\/\/podcast.rs\/ep-27-kako-je-nastao-i-razvijao-se-program-balkanski-omladinski-lideri-holly-zardus\/"},"modified":"2024-05-26T12:00:00","modified_gmt":"2024-05-26T10:00:00","slug":"ep-27-kako-je-nastao-i-razvijao-se-program-balkanski-omladinski-lideri-holly-zardus","status":"publish","type":"post","link":"https:\/\/podcast.rs\/en\/ep-27-kako-je-nastao-i-razvijao-se-program-balkanski-omladinski-lideri-holly-zardus\/","title":{"rendered":"EP 27 | Kako je nastao i razvijao se program Balkanski Omladinski Lideri | Holly Zardus"},"content":{"rendered":"<p>\u2714\ufe0f Podr\u017ei projekat jednokratnim donacijama:<br \/>\n<a href=\"http:\/\/paypal.me\/mojaamerika\" rel=\"nofollow\">http:\/\/paypal.me\/mojaamerika<\/a><\/p>\n<p>BOLD (Balkanski omladinski Lideri je mre\u017ea mladih liderki\/lidera \u0161irom Srbije (uzrasta od 18-35) koji imaju ideje za budu\u0107nost i \u017eele da doprinesu svojoj zajednici. BOLD liderke\/lideri sprovode projekte u svojim zajednicama i pru\u017eaju podr\u0161ku jedni drugima u postizanju zajedni\u010dkih ciljeva.<br \/>\nAmbasada SAD u Srbiji je pokreta\u010d programa BOLD i podr\u017eava BOLD liderke\/lidere nude\u0107i im radionice i obuke u Srbiji, programe akademskih i profesionalnih razmena u SAD, i male fondove za projekte koji \u0107e ostvariti pozitivan i odr\u017eiv uticaj na njihove zajednice.<\/p>\n<p>Pridru\u017ei se: <a href=\"https:\/\/boldserbia.rs\/en\/join-bold\/\" rel=\"nofollow\">https:\/\/boldserbia.rs\/en\/join-bold\/<\/a><\/p>\n<p>\u2b50\ufe0f Go\u0161\u0107a:<\/p>\n<p>Holly Zardus, ata\u0161e za kulturu ambasade SAD-a u Beogradu.<\/p>\n<p>\ud83c\uddfa\ud83c\uddf8 BOLD:<\/p>\n<p>Sajt: <a href=\"https:\/\/boldserbia.rs\/\" rel=\"nofollow\">https:\/\/boldserbia.rs\/<\/a><br \/>\nInstagram: <a href=\"https:\/\/www.instagram.com\/boldserbia\/\" rel=\"nofollow\">https:\/\/www.instagram.com\/boldserbia\/<\/a><br \/>\nFacebook: <a href=\"https:\/\/www.facebook.com\/boldserbia\" rel=\"nofollow\">https:\/\/www.facebook.com\/boldserbia<\/a><br \/>\nYouTube: <a href=\"https:\/\/www.youtube.com\/@BOLDSerbia-op5oo\" rel=\"nofollow\">https:\/\/www.youtube.com\/@BOLDSerbia-op5oo<\/a><\/p>\n<p>\ud83c\uddfa\ud83c\uddf8 Ambasada SAD-a:<br \/>\nSajt: <a href=\"https:\/\/rs.usembassy.gov\/\" rel=\"nofollow\">https:\/\/rs.usembassy.gov\/<\/a><br \/>\nInstagram: <a href=\"https:\/\/www.instagram.com\/usembassyserbia\/\" rel=\"nofollow\">https:\/\/www.instagram.com\/usembassyserbia\/<\/a><br \/>\nFacebook: <a href=\"https:\/\/www.facebook.com\/USEmbassySerbia\" rel=\"nofollow\">https:\/\/www.facebook.com\/USEmbassySerbia<\/a><\/p>\n<p>\ud83c\uddfa\ud83c\uddf8 USAID:<br \/>\nSajt: <a href=\"https:\/\/www.usaid.gov\/sr\/serbia\" rel=\"nofollow\">https:\/\/www.usaid.gov\/sr\/serbia<\/a><br \/>\nInstagram: <a href=\"https:\/\/www.instagram.com\/usaidserbia\/\" rel=\"nofollow\">https:\/\/www.instagram.com\/usaidserbia\/<\/a><br \/>\nFacebook: <a href=\"https:\/\/www.facebook.com\/USAIDSerbia\" rel=\"nofollow\">https:\/\/www.facebook.com\/USAIDSerbia<\/a><\/p>\n<p>\ud83d\ude80 Moja Amerika Podcast na dru\u0161tvenim mre\u017eama:<br \/>\nInstagram: <a href=\"https:\/\/www.instagram.com\/moja.amerika\/\" rel=\"nofollow\">https:\/\/www.instagram.com\/moja.amerika\/<\/a><br \/>\nTikTok: <a href=\"https:\/\/www.tiktok.com\/@moja.amerika\" rel=\"nofollow\">https:\/\/www.tiktok.com\/@moja.amerika<\/a><br \/>\n<a href=\"https:\/\/www.linkedin.com\/company\/moja-amerika-podcast\" rel=\"nofollow\">https:\/\/www.linkedin.com\/company\/moja-amerika-podcast<\/a><br \/>\nFacebook: <a href=\"https:\/\/www.facebook.com\/profile.php?id=100081354777034\" rel=\"nofollow\">https:\/\/www.facebook.com\/profile.php?id=100081354777034<\/a><\/p>\n<p>\ud83c\udfa7 Slu\u0161aj audio verziju podcasta:<br \/>\nSpotify: <a href=\"https:\/\/spoti.fi\/3gZPvhO\" rel=\"nofollow\">https:\/\/spoti.fi\/3gZPvhO<\/a><br \/>\niTunes: <a href=\"https:\/\/apple.co\/3gVAhui\" rel=\"nofollow\">https:\/\/apple.co\/3gVAhui<\/a><br \/>\nGoogle: <a href=\"https:\/\/bit.ly\/moja-amerika-google\" rel=\"nofollow\">https:\/\/bit.ly\/moja-amerika-google<\/a><br \/>\nDeezer: <a href=\"https:\/\/bit.ly\/moja-amerika-deezer\" rel=\"nofollow\">https:\/\/bit.ly\/moja-amerika-deezer<\/a><br \/>\nPodcast.rs: <a href=\"https:\/\/bit.ly\/moja-amerika-podcast-rs\" rel=\"nofollow\">https:\/\/bit.ly\/moja-amerika-podcast-rs<\/a><\/p>\n<p>\ud83d\udd52 Teme:<\/p>","protected":false},"excerpt":{"rendered":"<p>\u2714\ufe0f Podr\u017ei projekat jednokratnim donacijama: http:\/\/paypal.me\/mojaamerika BOLD (Balkanski omladinski Lideri je mre\u017ea mladih liderki\/lidera \u0161irom Srbije (uzrasta od 18-35) koji imaju ideje za budu\u0107nost i \u017eele da doprinesu svojoj zajednici. BOLD liderke\/lideri sprovode projekte u svojim zajednicama i pru\u017eaju podr\u0161ku jedni drugima u postizanju zajedni\u010dkih ciljeva. Ambasada SAD u Srbiji je pokreta\u010d programa BOLD i&#8230;<\/p>","protected":false},"author":3,"featured_media":114773,"comment_status":"","ping_status":"closed","sticky":false,"template":"","format":"standard","meta":{"footnotes":""},"categories":[472],"tags":[],"class_list":["post-114772","post","type-post","status-publish","format-standard","has-post-thumbnail","hentry","category-moja-amerika"],"_links":{"self":[{"href":"https:\/\/podcast.rs\/en\/wp-json\/wp\/v2\/posts\/114772","targetHints":{"allow":["GET"]}}],"collection":[{"href":"https:\/\/podcast.rs\/en\/wp-json\/wp\/v2\/posts"}],"about":[{"href":"https:\/\/podcast.rs\/en\/wp-json\/wp\/v2\/types\/post"}],"author":[{"embeddable":true,"href":"https:\/\/podcast.rs\/en\/wp-json\/wp\/v2\/users\/3"}],"replies":[{"embeddable":true,"href":"https:\/\/podcast.rs\/en\/wp-json\/wp\/v2\/comments?post=114772"}],"version-history":[{"count":0,"href":"https:\/\/podcast.rs\/en\/wp-json\/wp\/v2\/posts\/114772\/revisions"}],"wp:featuredmedia":[{"embeddable":true,"href":"https:\/\/podcast.rs\/en\/wp-json\/wp\/v2\/media\/114773"}],"wp:attachment":[{"href":"https:\/\/podcast.rs\/en\/wp-json\/wp\/v2\/media?parent=114772"}],"wp:term":[{"taxonomy":"category","embeddable":true,"href":"https:\/\/podcast.rs\/en\/wp-json\/wp\/v2\/categories?post=114772"},{"taxonomy":"post_tag","embeddable":true,"href":"https:\/\/podcast.rs\/en\/wp-json\/wp\/v2\/tags?post=114772"}],"curies":[{"name":"wp","href":"https:\/\/api.w.org\/{rel}","templated":true}]}}