{"id":113216,"date":"2024-05-10T18:00:00","date_gmt":"2024-05-10T16:00:00","guid":{"rendered":"https:\/\/podcast.rs\/mario-knezovic-potpuno-sam-divlji-i-neobrazovan-formalno-opet-laka\/"},"modified":"2026-04-26T02:24:37","modified_gmt":"2026-04-26T00:24:37","slug":"mario-knezovic-potpuno-sam-divlji-i-neobrazovan-formalno-opet-laka","status":"publish","type":"post","link":"https:\/\/podcast.rs\/en\/mario-knezovic-potpuno-sam-divlji-i-neobrazovan-formalno-opet-laka\/","title":{"rendered":"Mario Knezovi\u0107: Potpuno sam divlji i neobrazovan, formalno &#8211; Opet Laka"},"content":{"rendered":"<p><a target=\"_blank\" href=\"https:\/\/www.buzzsprout.com\/2151425\/fan_mail\/new\">Send us Fan Mail<\/a><\/p>\n<p>Osniva\u010d je i frontmen bosanskohercegova\u010dke grupe <a href='https:\/\/www.oslobodjenje.ba\/tag\/zoster'><b>Zoster<\/b><\/a>, <a href='https:\/\/www.oslobodjenje.ba\/tag\/kantautor'><b>kantautor<\/b><\/a> i <a href='https:\/\/www.oslobodjenje.ba\/tag\/glumac'><b>glumac<\/b><\/a>. Ro\u0111eni Mostarac i mislilac. Formalno, kako ka\u017ee, potpuno divlji i neobrazovan. Ovog petka nam u <a href='https:\/\/www.oslobodjenje.ba\/tag\/opet-laka'><b>Opet Laka<\/b><\/a> studio sti\u017ee <b>Mario Knezovi\u0107<\/b> iz Zostera sa velikim Z, muzi\u010dkog sastava koji, potaknut padom dru\u0161tvenog imuniteta, jo\u0161 od 2000. godine, kada je nastao, pa sve do danas, odr\u017eava epidemiju dobrih nota, sjajnih poruka skrivenih u tekstovima i pokreta\u010dke vibre.<\/p>\n<p>I pored vrlo jasno blistavog muzi\u010dkog puta, Mario se u jednom trenutku odlu\u010dio i za <a href='https:\/\/www.oslobodjenje.ba\/tag\/gluma'><b>glumu<\/b><\/a>, a Laku je, naravno, zanimalo \u0161to mu je to trebalo?<\/p>\n<p>&#8211; Gluma mi se nekako dogodila. Bliska je ovome \u0161to radim jer kada gleda\u0161, pjesma jeste sa\u017eeti film. Kada napravi\u0161 video spot, ima\u0161 i scenarij, i re\u017eiju, i glavne glumce\u2026 pjesma je, u stvari, mini pri\u010da. Radim sa najboljima i ni\u0161ta mi ne pada te\u0161ko. Oskarovac me otkrio, s njim sam snimio prvi film i onda je sve i\u0161lo prirodno. Trenutno snimamo drugu sezonu <a href='https:\/\/www.oslobodjenje.ba\/tag\/serija-kotlina'><b>serije Kotlina<\/b><\/a>, pa pravimo pauzu, zatim radimo cijelog ljeta koncerte, nekako se uvijek dobro iskombinuje. Tako sam pro\u0161le godine nakon koncerata, na jesen i\u0161ao na otok sa Danisom da snimamo film, bilo je ludilo. Radi se o Prvi\u0107u kod \u0160ibenika i na tom otoku uop\u0161te nema auta, tu smo mjesec dana bili i radili. Bio je to jedan od najljep\u0161ih procesa ikad, ispri\u010dao je Mario.<\/p>\n<p>Izme\u0111u ova dva umjetnika nadugo i na\u0161iroko nizale su se pri\u010de o muzici, filmu, \u017eivotu, mladosti i starosti, sada\u0161njosti i budu\u0107nosti. Uz dosta ozbilje i malo vi\u0161e smijeha, Opet Laka podcast minute, pota\u0107i \u0107e vas na razmi\u0161ljanje pod ta\u010dkom razno, probuditi emociju i, kao \u0161to to uvijek kod Lake i biva, dobro vas zabaviti.<\/p>\n<p><a rel=\"payment\" href=\"https:\/\/www.buzzsprout.com\/2151425\/support\">Support the show<\/a><\/p>\n<p>\u010citajte nas na: <a href='https:\/\/www.youtube.com\/redirect?event=video_description&amp;redir_token=QUFFLUhqbG1GOTJCYkg1aENERDhaYVQ1TFlRNGlQOFlMd3xBQ3Jtc0ttQUxLRmRtTXZsSm1mNjVaS0ZIVkt2d19fT1ZubGZkYzlSZk95T05YTUQ4RzlMWTFrTzBxaklMU3JMUzVpTGhWLXRRaUVpb29nOVFyd1J1UDM4WTBWNGVWSTRjeVI5Q0RvQ05qOUphQndLVV94RXF1RQ&amp;q=https%3A%2F%2Fwww.oslobodjenje.ba%2F&amp;v=ogUzzAgGjzE'>https:\/\/www.oslobodjenje.ba<\/a>\u00a0 \u00a0 FB :<a href='https:\/\/www.youtube.com\/redirect?event=video_description&amp;redir_token=QUFFLUhqa3VQQWdEWkQ5VlIyaXROWWpVeWxYUWNYR1ZEQXxBQ3Jtc0trTGx6UmQwTXdRLXRPNnowUGtBVmw3TzJ0QmtIb1B0ck1CT3hWU0V3a0JFOHVfMkJ1VDhTLXc4TUJXWDhWekU0UXQxYm1Va2wtM3dyQ1djTnU2djFtejBxcEg0QzJxTHhZNmpFejhCWWlRdE5YVFpwSQ&amp;q=https%3A%2F%2Fwww.facebook.com%2Foslobodjenjeba&amp;v=ogUzzAgGjzE'>https:\/\/www.facebook.com\/oslobodjenjeba<\/a>\u00a0 IG: <a href='https:\/\/www.youtube.com\/redirect?event=video_description&amp;redir_token=QUFFLUhqa1FsNjMtdmUtTS1vWUg5em5zaEpzOUdIOGhnd3xBQ3Jtc0ttdDB1SlRSVS1RTjRUZUtNODMxYnBJTnV2b0ItdjIzOEJCSVVpWXRIV1RSdmxPWC1DOFU3TVV4RmxNdW5nRkV6cE1ScXVjdTlvcDhYeEptNEszN1V1Q042eWpDOTZrTzk5ckQ1R2g3Nl9nWEt1OU5MWQ&amp;q=https%3A%2F%2Fwww.instagram.com%2Foslobodjenje.ba&amp;v=ogUzzAgGjzE'><a href=\"https:\/\/www.instagram.com\/oslobodjenj\" rel=\"nofollow\">https:\/\/www.instagram.com\/oslobodjenj<\/a>&#8230;<\/a>\u00a0 Twitter: <a href='https:\/\/www.youtube.com\/redirect?event=video_description&amp;redir_token=QUFFLUhqbVJvekE3SjJjbkVfT2xuR0ROekRPNVlfQ2EwZ3xBQ3Jtc0tsNDNVdW1ENDZqUHI3UW52S2NVU2VDcWxFLVJSczZjRnlfYjI1dHpfRERPcTJybkZJSThDME9rYVRUMk0zYnNMNFVJRktyNS0wTk9qaFVDQ2diLTBVMGl2RUxtZUFscGptYUxrbGF2X2NoRmsxdHVQOA&amp;q=https%3A%2F%2Ftwitter.com%2Foslobodjenjeba&amp;v=ogUzzAgGjzE'>&#8230;<\/a><\/p>","protected":false},"excerpt":{"rendered":"<p>Send us Fan Mail Osniva\u010d je i frontmen bosanskohercegova\u010dke grupe Zoster, kantautor i glumac. Ro\u0111eni Mostarac i mislilac. Formalno, kako ka\u017ee, potpuno divlji i neobrazovan. Ovog petka nam u Opet Laka studio sti\u017ee Mario Knezovi\u0107 iz Zostera sa velikim Z, muzi\u010dkog sastava koji, potaknut padom dru\u0161tvenog imuniteta, jo\u0161 od 2000. godine, kada je nastao, pa&#8230;<\/p>","protected":false},"author":4,"featured_media":113217,"comment_status":"closed","ping_status":"closed","sticky":false,"template":"","format":"standard","meta":{"footnotes":""},"categories":[610],"tags":[],"class_list":["post-113216","post","type-post","status-publish","format-standard","has-post-thumbnail","hentry","category-oslobodjenje-podcast"],"_links":{"self":[{"href":"https:\/\/podcast.rs\/en\/wp-json\/wp\/v2\/posts\/113216","targetHints":{"allow":["GET"]}}],"collection":[{"href":"https:\/\/podcast.rs\/en\/wp-json\/wp\/v2\/posts"}],"about":[{"href":"https:\/\/podcast.rs\/en\/wp-json\/wp\/v2\/types\/post"}],"author":[{"embeddable":true,"href":"https:\/\/podcast.rs\/en\/wp-json\/wp\/v2\/users\/4"}],"replies":[{"embeddable":true,"href":"https:\/\/podcast.rs\/en\/wp-json\/wp\/v2\/comments?post=113216"}],"version-history":[{"count":42,"href":"https:\/\/podcast.rs\/en\/wp-json\/wp\/v2\/posts\/113216\/revisions"}],"predecessor-version":[{"id":684865,"href":"https:\/\/podcast.rs\/en\/wp-json\/wp\/v2\/posts\/113216\/revisions\/684865"}],"wp:featuredmedia":[{"embeddable":true,"href":"https:\/\/podcast.rs\/en\/wp-json\/wp\/v2\/media\/113217"}],"wp:attachment":[{"href":"https:\/\/podcast.rs\/en\/wp-json\/wp\/v2\/media?parent=113216"}],"wp:term":[{"taxonomy":"category","embeddable":true,"href":"https:\/\/podcast.rs\/en\/wp-json\/wp\/v2\/categories?post=113216"},{"taxonomy":"post_tag","embeddable":true,"href":"https:\/\/podcast.rs\/en\/wp-json\/wp\/v2\/tags?post=113216"}],"curies":[{"name":"wp","href":"https:\/\/api.w.org\/{rel}","templated":true}]}}