{"id":110672,"date":"2024-02-07T18:30:43","date_gmt":"2024-02-07T16:30:43","guid":{"rendered":"https:\/\/podcast.rs\/28-melanom\/"},"modified":"2024-02-07T18:30:43","modified_gmt":"2024-02-07T16:30:43","slug":"28-melanom","status":"publish","type":"post","link":"https:\/\/podcast.rs\/en\/28-melanom\/","title":{"rendered":"28 &#8211; Melanom"},"content":{"rendered":"<p>28 &#8211; Melanom, karcinom ili rak ko\u017ee sve je \u010de\u0161\u0107e oboljenje dana\u0161njice, izle\u010divo ukoliko se primeti na vreme, ali koje vrlo \u010desto mo\u017ee i da nam &#8216;promakne&#8217; ukoliko se ne ide na redovne preglede mlade\u017ea ili promena na ko\u017ei. Dermatolog dr Milena Radojevi\u0107 u dana\u0161njoj epizodi sa svojom go\u0161\u0107om doc. dr Jelenom Stojkovi\u0107 Filipovi\u0107, internacionalno priznatim stru\u010dnjakom u ovoj oblasti, profesorom na Medicinskom fakultetu BU, razgovara o ovoj opasnoj bolesti, mogu\u0107nosti prevencije, na\u010dinima pregleda i le\u010denja.<\/p>","protected":false},"excerpt":{"rendered":"<p>28 &#8211; Melanom, karcinom ili rak ko\u017ee sve je \u010de\u0161\u0107e oboljenje dana\u0161njice, izle\u010divo ukoliko se primeti na vreme, ali koje vrlo \u010desto mo\u017ee i da nam &#8216;promakne&#8217; ukoliko se ne ide na redovne preglede mlade\u017ea ili promena na ko\u017ei. Dermatolog dr Milena Radojevi\u0107 u dana\u0161njoj epizodi sa svojom go\u0161\u0107om doc. dr Jelenom Stojkovi\u0107 Filipovi\u0107, internacionalno&#8230;<\/p>","protected":false},"author":4,"featured_media":110657,"comment_status":"","ping_status":"closed","sticky":false,"template":"","format":"standard","meta":{"footnotes":""},"categories":[608],"tags":[],"class_list":["post-110672","post","type-post","status-publish","format-standard","has-post-thumbnail","hentry","category-derma-price"],"_links":{"self":[{"href":"https:\/\/podcast.rs\/en\/wp-json\/wp\/v2\/posts\/110672","targetHints":{"allow":["GET"]}}],"collection":[{"href":"https:\/\/podcast.rs\/en\/wp-json\/wp\/v2\/posts"}],"about":[{"href":"https:\/\/podcast.rs\/en\/wp-json\/wp\/v2\/types\/post"}],"author":[{"embeddable":true,"href":"https:\/\/podcast.rs\/en\/wp-json\/wp\/v2\/users\/4"}],"replies":[{"embeddable":true,"href":"https:\/\/podcast.rs\/en\/wp-json\/wp\/v2\/comments?post=110672"}],"version-history":[{"count":0,"href":"https:\/\/podcast.rs\/en\/wp-json\/wp\/v2\/posts\/110672\/revisions"}],"wp:featuredmedia":[{"embeddable":true,"href":"https:\/\/podcast.rs\/en\/wp-json\/wp\/v2\/media\/110657"}],"wp:attachment":[{"href":"https:\/\/podcast.rs\/en\/wp-json\/wp\/v2\/media?parent=110672"}],"wp:term":[{"taxonomy":"category","embeddable":true,"href":"https:\/\/podcast.rs\/en\/wp-json\/wp\/v2\/categories?post=110672"},{"taxonomy":"post_tag","embeddable":true,"href":"https:\/\/podcast.rs\/en\/wp-json\/wp\/v2\/tags?post=110672"}],"curies":[{"name":"wp","href":"https:\/\/api.w.org\/{rel}","templated":true}]}}