{"id":110320,"date":"2024-05-05T18:00:00","date_gmt":"2024-05-05T16:00:00","guid":{"rendered":"https:\/\/podcast.rs\/nasi-ucenici-ispod-svetskog-proseka-obrazovanja-aleksandar-baucal-dragica-pavlovic-babic-230\/"},"modified":"2026-04-29T04:06:16","modified_gmt":"2026-04-29T02:06:16","slug":"nasi-ucenici-ispod-svetskog-proseka-obrazovanja-aleksandar-baucal-dragica-pavlovic-babic-230","status":"publish","type":"post","link":"https:\/\/podcast.rs\/en\/nasi-ucenici-ispod-svetskog-proseka-obrazovanja-aleksandar-baucal-dragica-pavlovic-babic-230\/","title":{"rendered":"Na\u0161i u\u010denici ispod svetskog proseka obrazovanja | Aleksandar Baucal, Dragica Pavlovi\u0107 Babi\u0107 | 230"},"content":{"rendered":"<p>Podr\u017eite me na Patreonu: <a href=\"https:\/\/www.patreon.com\/agelast\">https:\/\/www.patreon.com\/agelast<\/a><\/p>\n<p>Jednokratne donacije kanalu: <a href=\"https:\/\/www.paypal.me\/agelastpodcast\">https:\/\/www.paypal.me\/agelastpodcast<\/a><\/p>\n<p>Kripto donacije: BTC: 1BdrToPVPRbMtzPkdX8z3wviTHZZyzqD7w<\/p>\n<p>ETH: 0xe189975f215102DD2e2442B060D00b524a608167<\/p>\n<p>FB: <a href=\"https:\/\/www.facebook.com\/galebnikacevic\">https:\/\/www.facebook.com\/galebnikacevic<\/a><\/p>\n<p>Instagram: <a href=\"https:\/\/www.instagram.com\/agelast_\/\">https:\/\/www.instagram.com\/agelast_\/<\/a><\/p>\n<p>Twitter: <a href=\"https:\/\/twitter.com\/GalebNikacevic\">https:\/\/twitter.com\/GalebNikacev<\/a><\/p>\n<p>A1: <a href=\"https:\/\/a1.rs\/privatni\">https:\/\/a1.rs\/privatni<\/a><\/p>\n<p>Sigurno ste u poslednjih nekoliko meseci \u010duli neku od silnih vesti koje su govorile o rezultatima na\u0161e dece na PISA testovima. Od toga da su nam rezultati ispod proseka u odnosu na decu iz OECD zemalja, preko toga da nam je obrazovni sistem u krizi i da je kvalitet nastave, izme\u0111u ostalog, drasti\u010dno opao. Ali \u0161ta su ta\u010dno PISA testovi? Kako se prave, ko ih sprovodi i koliko su, zapravo, relevantni i va\u017eni za nas da se na te rezultate oslonimo i da u odnosu na njih merimo, ne samo kvalitet obrazovanja, ve\u0107 i ve\u0161tine i sposobnosti na\u0161e dece. Da li na\u0161a \u0161kola uspeva da osposobi na\u0161u decu za \u017eivot, za dalje \u0161kolovanje i koliko ta\u010dno znanja iz \u0161kole nose sa sobom kasnije u \u017eivotu, ali i na kom nivou funkcionalne pismenosti se nalazimo?<br \/>Gosti na ovu temu su Dragica Pavlovi\u0107 Babi\u0107, profesorka na Filozofskom fakultetu u Beogradu i stru\u010dnjakinja za psihologiju obrazovanja, kao i Aleksandar Baucal, tako\u0111e profesor na istoj katedri, a oboje se\u00a0 problemima u obrazovnom sistemu bave vi\u0161e decenija.<\/p>\n<p>Audio: Marko Ignjatovi\u0107<\/p>\n<p>Instagram:<\/p>\n<p>Galeb Nika\u010devi\u0107 Hasci-Jare: <a href=\"https:\/\/www.instagram.com\/agelast_\/\">https:\/\/www.instagram.com\/agelast_\/<\/a><\/p>\n<p>Sandra Planojevi\u0107: <a href=\"https:\/\/www.instagram.com\/run_lola_run_7\/\">https:\/\/www.instagram.com\/run_lola_run_7\/<\/a><\/p>\n<p>Audio: Marko Ignjatovi\u0107<\/p>\n<p>Instagram:<\/p>\n<p>Galeb Nika\u010devi\u0107 Hasci-Jare: <a href=\"https:\/\/www.instagram.com\/agelast_\/\">https:\/\/www.instagram.com\/agelast_\/<\/a><\/p>\n<p>Sandra Planojevi\u0107: <a href=\"https:\/\/www.instagram.com\/run_lola_run_7\/\">https:\/\/www.instagram.com\/run_lola_run_7\/<\/a><\/p>","protected":false},"excerpt":{"rendered":"<p>Podr\u017eite me na Patreonu: https:\/\/www.patreon.com\/agelast Jednokratne donacije kanalu: https:\/\/www.paypal.me\/agelastpodcast Kripto donacije: BTC: 1BdrToPVPRbMtzPkdX8z3wviTHZZyzqD7w ETH: 0xe189975f215102DD2e2442B060D00b524a608167 FB: https:\/\/www.facebook.com\/galebnikacevic Instagram: https:\/\/www.instagram.com\/agelast_\/ Twitter: https:\/\/twitter.com\/GalebNikacev A1: https:\/\/a1.rs\/privatni Sigurno ste u poslednjih nekoliko meseci \u010duli neku od silnih vesti koje su govorile o rezultatima na\u0161e dece na PISA testovima. Od toga da su nam rezultati ispod proseka u odnosu na&#8230;<\/p>","protected":false},"author":3,"featured_media":638970,"comment_status":"closed","ping_status":"closed","sticky":false,"template":"","format":"standard","meta":{"footnotes":""},"categories":[27],"tags":[],"class_list":["post-110320","post","type-post","status-publish","format-standard","has-post-thumbnail","hentry","category-agelast"],"_links":{"self":[{"href":"https:\/\/podcast.rs\/en\/wp-json\/wp\/v2\/posts\/110320","targetHints":{"allow":["GET"]}}],"collection":[{"href":"https:\/\/podcast.rs\/en\/wp-json\/wp\/v2\/posts"}],"about":[{"href":"https:\/\/podcast.rs\/en\/wp-json\/wp\/v2\/types\/post"}],"author":[{"embeddable":true,"href":"https:\/\/podcast.rs\/en\/wp-json\/wp\/v2\/users\/3"}],"replies":[{"embeddable":true,"href":"https:\/\/podcast.rs\/en\/wp-json\/wp\/v2\/comments?post=110320"}],"version-history":[{"count":1,"href":"https:\/\/podcast.rs\/en\/wp-json\/wp\/v2\/posts\/110320\/revisions"}],"predecessor-version":[{"id":110326,"href":"https:\/\/podcast.rs\/en\/wp-json\/wp\/v2\/posts\/110320\/revisions\/110326"}],"wp:featuredmedia":[{"embeddable":true,"href":"https:\/\/podcast.rs\/en\/wp-json\/wp\/v2\/media\/638970"}],"wp:attachment":[{"href":"https:\/\/podcast.rs\/en\/wp-json\/wp\/v2\/media?parent=110320"}],"wp:term":[{"taxonomy":"category","embeddable":true,"href":"https:\/\/podcast.rs\/en\/wp-json\/wp\/v2\/categories?post=110320"},{"taxonomy":"post_tag","embeddable":true,"href":"https:\/\/podcast.rs\/en\/wp-json\/wp\/v2\/tags?post=110320"}],"curies":[{"name":"wp","href":"https:\/\/api.w.org\/{rel}","templated":true}]}}