{"id":110190,"date":"2024-05-03T13:14:00","date_gmt":"2024-05-03T11:14:00","guid":{"rendered":"https:\/\/podcast.rs\/?p=110190"},"modified":"2024-05-03T16:37:48","modified_gmt":"2024-05-03T14:37:48","slug":"dnevna-soba-tragedije-u-maju-godinu-dana-posle","status":"publish","type":"post","link":"https:\/\/podcast.rs\/en\/dnevna-soba-tragedije-u-maju-godinu-dana-posle\/","title":{"rendered":"Dnevna soba: Tragedije u maju, godinu dana posle"},"content":{"rendered":"<p><span>Pro\u0161lo je godinu dana od tragedije u Osnovnoj \u0161koli &#8222;Vladislav Ribnikar&#8220; u Beogradu. Na \u017ealost, taj doga\u0111aj pratila je jo\u0161 jedna tragedija, dan kasnije u okolini Mladenovca. Mnogo bola, tuge, besa i ljutnje obojilo period nakon toga. Sa\u010dekali su nas majski protesti, studenti i mladi na ulici mesecima, blokade, targetirani aktivisti i aktivistkinje, dijalozi sa predstavnicima vlasti, izbori, izborne neregularnosti, razli\u010dite akcije na lokalima, samoorganizovanje mladih&#8230; U jednom trenutku, u maju, sve je stalo. A onda je, \u010dini se, sve i po\u010delo. \u0160ta smo i da li smo ne\u0161to nau\u010dili u prethodnih godinu dana?<\/span><\/p>","protected":false},"excerpt":{"rendered":"<p>Pro\u0161lo je godinu dana od tragedije u Osnovnoj \u0161koli &#8222;Vladislav Ribnikar&#8220; u Beogradu. Na \u017ealost, taj doga\u0111aj pratila je jo\u0161 jedna tragedija, dan kasnije u okolini Mladenovca. Mnogo bola, tuge, besa i ljutnje obojilo period nakon toga. Sa\u010dekali su nas majski protesti, studenti i mladi na ulici mesecima, blokade, targetirani aktivisti i aktivistkinje, dijalozi sa&#8230;<\/p>","protected":false},"author":3,"featured_media":54663,"comment_status":"close","ping_status":"closed","sticky":false,"template":"","format":"audio","meta":{"footnotes":""},"categories":[432],"tags":[],"class_list":["post-110190","post","type-post","status-publish","format-audio","has-post-thumbnail","hentry","category-u-kakvoj-zemlji-zelim-da-zivim","post_format-post-format-audio"],"_links":{"self":[{"href":"https:\/\/podcast.rs\/en\/wp-json\/wp\/v2\/posts\/110190","targetHints":{"allow":["GET"]}}],"collection":[{"href":"https:\/\/podcast.rs\/en\/wp-json\/wp\/v2\/posts"}],"about":[{"href":"https:\/\/podcast.rs\/en\/wp-json\/wp\/v2\/types\/post"}],"author":[{"embeddable":true,"href":"https:\/\/podcast.rs\/en\/wp-json\/wp\/v2\/users\/3"}],"replies":[{"embeddable":true,"href":"https:\/\/podcast.rs\/en\/wp-json\/wp\/v2\/comments?post=110190"}],"version-history":[{"count":1,"href":"https:\/\/podcast.rs\/en\/wp-json\/wp\/v2\/posts\/110190\/revisions"}],"predecessor-version":[{"id":110191,"href":"https:\/\/podcast.rs\/en\/wp-json\/wp\/v2\/posts\/110190\/revisions\/110191"}],"wp:featuredmedia":[{"embeddable":true,"href":"https:\/\/podcast.rs\/en\/wp-json\/wp\/v2\/media\/54663"}],"wp:attachment":[{"href":"https:\/\/podcast.rs\/en\/wp-json\/wp\/v2\/media?parent=110190"}],"wp:term":[{"taxonomy":"category","embeddable":true,"href":"https:\/\/podcast.rs\/en\/wp-json\/wp\/v2\/categories?post=110190"},{"taxonomy":"post_tag","embeddable":true,"href":"https:\/\/podcast.rs\/en\/wp-json\/wp\/v2\/tags?post=110190"}],"curies":[{"name":"wp","href":"https:\/\/api.w.org\/{rel}","templated":true}]}}