{"id":110069,"date":"2024-05-01T18:09:00","date_gmt":"2024-05-01T16:09:00","guid":{"rendered":"https:\/\/podcast.rs\/?p=110069"},"modified":"2024-05-01T19:25:21","modified_gmt":"2024-05-01T17:25:21","slug":"solidarnost-je-jedini-spas-za-dostojanstven-rad","status":"publish","type":"post","link":"https:\/\/podcast.rs\/en\/solidarnost-je-jedini-spas-za-dostojanstven-rad\/","title":{"rendered":"Solidarnost je jedini spas za dostojanstven rad"},"content":{"rendered":"<p>Neke od prvaih asocijacija na prvi maj su odmor, ro\u0161tiljanje, zabava, mamurluk koji \u0107e do\u0107i sutradan, priroda i provo\u0111enje vremena sa porodicom i prijateljima. Ako se vratimo unazad \u2013 ovom spisku mo\u017eemo i moramo dodati i radni\u010dka prava, solidarnost iborbu za dostojanstven rad.<\/p>\n<p>Prvi maj je progla\u0161en Me\u0111unarodnim praznikom rada sa namerom da se obele\u017ei se\u0107anje na demonstracije radni\u010dkog pokreta 1886. godine, odr\u017eane u \u010cikagu. Prvi maj je tu i kao podsetnik da borba nije gotova, da mnogi nemaju radna prava, niti dostojanstvene radne odnose.<\/p>\n<p>Situacija je jo\u0161 te\u017ea, kada su u pitanju mladi. Nezadovoljstvo je vidljivo, usled \u010dinjenice da veliki broj mladih ne mo\u017ee da prona\u0111e posao po osnovu ugovora o radu, \u0161to im ne omogu\u0107ava da obezbede sebi adekvatan \u017eivot i dostojanstven rad kada zavr\u0161e \u0161kolovanje i stupe na tr\u017ei\u0161te rada.\u00a0<\/p>","protected":false},"excerpt":{"rendered":"<p>Neke od prvaih asocijacija na prvi maj su odmor, ro\u0161tiljanje, zabava, mamurluk koji \u0107e do\u0107i sutradan, priroda i provo\u0111enje vremena sa porodicom i prijateljima. Ako se vratimo unazad \u2013 ovom spisku mo\u017eemo i moramo dodati i radni\u010dka prava, solidarnost iborbu za dostojanstven rad. Prvi maj je progla\u0161en Me\u0111unarodnim praznikom rada sa namerom da se obele\u017ei&#8230;<\/p>","protected":false},"author":3,"featured_media":54663,"comment_status":"close","ping_status":"closed","sticky":false,"template":"","format":"audio","meta":{"footnotes":""},"categories":[432],"tags":[],"class_list":["post-110069","post","type-post","status-publish","format-audio","has-post-thumbnail","hentry","category-u-kakvoj-zemlji-zelim-da-zivim","post_format-post-format-audio"],"_links":{"self":[{"href":"https:\/\/podcast.rs\/en\/wp-json\/wp\/v2\/posts\/110069","targetHints":{"allow":["GET"]}}],"collection":[{"href":"https:\/\/podcast.rs\/en\/wp-json\/wp\/v2\/posts"}],"about":[{"href":"https:\/\/podcast.rs\/en\/wp-json\/wp\/v2\/types\/post"}],"author":[{"embeddable":true,"href":"https:\/\/podcast.rs\/en\/wp-json\/wp\/v2\/users\/3"}],"replies":[{"embeddable":true,"href":"https:\/\/podcast.rs\/en\/wp-json\/wp\/v2\/comments?post=110069"}],"version-history":[{"count":1,"href":"https:\/\/podcast.rs\/en\/wp-json\/wp\/v2\/posts\/110069\/revisions"}],"predecessor-version":[{"id":110070,"href":"https:\/\/podcast.rs\/en\/wp-json\/wp\/v2\/posts\/110069\/revisions\/110070"}],"wp:featuredmedia":[{"embeddable":true,"href":"https:\/\/podcast.rs\/en\/wp-json\/wp\/v2\/media\/54663"}],"wp:attachment":[{"href":"https:\/\/podcast.rs\/en\/wp-json\/wp\/v2\/media?parent=110069"}],"wp:term":[{"taxonomy":"category","embeddable":true,"href":"https:\/\/podcast.rs\/en\/wp-json\/wp\/v2\/categories?post=110069"},{"taxonomy":"post_tag","embeddable":true,"href":"https:\/\/podcast.rs\/en\/wp-json\/wp\/v2\/tags?post=110069"}],"curies":[{"name":"wp","href":"https:\/\/api.w.org\/{rel}","templated":true}]}}