{"id":108412,"date":"2024-04-17T15:57:22","date_gmt":"2024-04-17T13:57:22","guid":{"rendered":"https:\/\/podcast.rs\/mladen-djukic-umjetnost-spasava-svijet-ideje-od-logorske-vatre-do-ekrana-arijadnin-lavirint-24\/"},"modified":"2024-04-17T15:57:22","modified_gmt":"2024-04-17T13:57:22","slug":"mladen-djukic-umjetnost-spasava-svijet-ideje-od-logorske-vatre-do-ekrana-arijadnin-lavirint-24","status":"publish","type":"post","link":"https:\/\/podcast.rs\/en\/mladen-djukic-umjetnost-spasava-svijet-ideje-od-logorske-vatre-do-ekrana-arijadnin-lavirint-24\/","title":{"rendered":"Mladen \u0110uki\u0107| Umjetnost spa\u0161ava svijet | Ideje od logorske vatre do ekrana | Arijadnin lavirint 24."},"content":{"rendered":"<p>Doma\u0107in: Milanka Mitri\u0107<br \/>\nGost: Mladen \u0110uki\u0107, profesor, animator, re\u017eiser i producent <\/p>\n<p><a href=\"https:\/\/youtu.be\/EIPuqX-iVCM?si=LEEgwLJ5P8BBWAOC\" rel=\"nofollow\">https:\/\/youtu.be\/EIPuqX-iVCM?si=LEEgwLJ5P8BBWAOC<\/a><\/p>\n<p>Gost 24. epizode podkasta &#8222;Arijadnin lavirint&#8220; animator, re\u017eiser, producent i profesor na Akademiji umjetnosti u Banjaluci Mladen \u0110uki\u0107. U ovoj epizodi govorio je o tome kakva je trenutno animacija u svijetu i kod nas, zatim kakve su teme koje zanimaju mlade umjetnike i stvaraoce. Tako\u0111e, osvrnuo se i na vje\u0161ta\u010dku inteligenciju i na sve u \u010demu ma\u0161insko u\u010denje nikad ne\u0107e mo\u0107i da zamijeni \u010dovjeka. Izme\u0111u ostalog, govorio je i kako je nastao serijal &#8222;Trol Mitar&#8220; i za\u0161to uvijek valja gledati Mijazakijeve filmove.<\/p>","protected":false},"excerpt":{"rendered":"<p>Doma\u0107in: Milanka Mitri\u0107 Gost: Mladen \u0110uki\u0107, profesor, animator, re\u017eiser i producent https:\/\/youtu.be\/EIPuqX-iVCM?si=LEEgwLJ5P8BBWAOC Gost 24. epizode podkasta &#8222;Arijadnin lavirint&#8220; animator, re\u017eiser, producent i profesor na Akademiji umjetnosti u Banjaluci Mladen \u0110uki\u0107. U ovoj epizodi govorio je o tome kakva je trenutno animacija u svijetu i kod nas, zatim kakve su teme koje zanimaju mlade umjetnike i&#8230;<\/p>","protected":false},"author":3,"featured_media":89375,"comment_status":"","ping_status":"closed","sticky":false,"template":"","format":"standard","meta":{"footnotes":""},"categories":[553],"tags":[],"class_list":["post-108412","post","type-post","status-publish","format-standard","has-post-thumbnail","hentry","category-arijadnin-lavirint"],"_links":{"self":[{"href":"https:\/\/podcast.rs\/en\/wp-json\/wp\/v2\/posts\/108412","targetHints":{"allow":["GET"]}}],"collection":[{"href":"https:\/\/podcast.rs\/en\/wp-json\/wp\/v2\/posts"}],"about":[{"href":"https:\/\/podcast.rs\/en\/wp-json\/wp\/v2\/types\/post"}],"author":[{"embeddable":true,"href":"https:\/\/podcast.rs\/en\/wp-json\/wp\/v2\/users\/3"}],"replies":[{"embeddable":true,"href":"https:\/\/podcast.rs\/en\/wp-json\/wp\/v2\/comments?post=108412"}],"version-history":[{"count":0,"href":"https:\/\/podcast.rs\/en\/wp-json\/wp\/v2\/posts\/108412\/revisions"}],"wp:featuredmedia":[{"embeddable":true,"href":"https:\/\/podcast.rs\/en\/wp-json\/wp\/v2\/media\/89375"}],"wp:attachment":[{"href":"https:\/\/podcast.rs\/en\/wp-json\/wp\/v2\/media?parent=108412"}],"wp:term":[{"taxonomy":"category","embeddable":true,"href":"https:\/\/podcast.rs\/en\/wp-json\/wp\/v2\/categories?post=108412"},{"taxonomy":"post_tag","embeddable":true,"href":"https:\/\/podcast.rs\/en\/wp-json\/wp\/v2\/tags?post=108412"}],"curies":[{"name":"wp","href":"https:\/\/api.w.org\/{rel}","templated":true}]}}