{"id":106652,"date":"2024-04-12T06:05:00","date_gmt":"2024-04-12T04:05:00","guid":{"rendered":"https:\/\/podcast.rs\/aki-mindent-is-tud\/"},"modified":"2024-04-12T06:05:00","modified_gmt":"2024-04-12T04:05:00","slug":"aki-mindent-is-tud","status":"publish","type":"post","link":"https:\/\/podcast.rs\/en\/aki-mindent-is-tud\/","title":{"rendered":"Aki mindent (is) tud"},"content":{"rendered":"<p>\u201eEzek teljes idi\u00f3t\u00e1k!\u201d \u2013 nyilatkozta Aleksandar Vu\u010di\u0107, Szerbia frissen megv\u00e1lasztott \u00e1llamf\u0151je 2017. \u00e1prilis 17-\u00e9n, miut\u00e1n r\u00e1k\u00e9rdeztek, hogy kik a titokzatos alakok, akik azon az \u00e9jszak\u00e1n lerombolt\u00e1k a Savamala nev\u0171 belgr\u00e1di nyomornegyed \u00e9p\u00fcleteit. El\u0151tte, annak az \u00e9vnek a janu\u00e1rj\u00e1ban m\u00e9g \u00fagy <a href=\"https:\/\/podcast.szabadmagyarszo.com\/podcast\/aki-mindent-is-tud\/\"> Read more\u2026<\/a><\/p>","protected":false},"excerpt":{"rendered":"<p>\u201eEzek teljes idi\u00f3t\u00e1k!\u201d \u2013 nyilatkozta Aleksandar Vu\u010di\u0107, Szerbia frissen megv\u00e1lasztott \u00e1llamf\u0151je 2017. \u00e1prilis 17-\u00e9n, miut\u00e1n r\u00e1k\u00e9rdeztek, hogy kik a titokzatos alakok, akik azon<\/p>","protected":false},"author":4,"featured_media":106654,"comment_status":"","ping_status":"closed","sticky":false,"template":"","format":"standard","meta":{"footnotes":""},"categories":[588],"tags":[],"class_list":["post-106652","post","type-post","status-publish","format-standard","has-post-thumbnail","hentry","category-szabad-magyar-szo"],"_links":{"self":[{"href":"https:\/\/podcast.rs\/en\/wp-json\/wp\/v2\/posts\/106652","targetHints":{"allow":["GET"]}}],"collection":[{"href":"https:\/\/podcast.rs\/en\/wp-json\/wp\/v2\/posts"}],"about":[{"href":"https:\/\/podcast.rs\/en\/wp-json\/wp\/v2\/types\/post"}],"author":[{"embeddable":true,"href":"https:\/\/podcast.rs\/en\/wp-json\/wp\/v2\/users\/4"}],"replies":[{"embeddable":true,"href":"https:\/\/podcast.rs\/en\/wp-json\/wp\/v2\/comments?post=106652"}],"version-history":[{"count":0,"href":"https:\/\/podcast.rs\/en\/wp-json\/wp\/v2\/posts\/106652\/revisions"}],"wp:featuredmedia":[{"embeddable":true,"href":"https:\/\/podcast.rs\/en\/wp-json\/wp\/v2\/media\/106654"}],"wp:attachment":[{"href":"https:\/\/podcast.rs\/en\/wp-json\/wp\/v2\/media?parent=106652"}],"wp:term":[{"taxonomy":"category","embeddable":true,"href":"https:\/\/podcast.rs\/en\/wp-json\/wp\/v2\/categories?post=106652"},{"taxonomy":"post_tag","embeddable":true,"href":"https:\/\/podcast.rs\/en\/wp-json\/wp\/v2\/tags?post=106652"}],"curies":[{"name":"wp","href":"https:\/\/api.w.org\/{rel}","templated":true}]}}