{"id":106589,"date":"2024-04-10T11:48:07","date_gmt":"2024-04-10T09:48:07","guid":{"rendered":"https:\/\/podcast.rs\/?p=106589"},"modified":"2024-04-10T12:39:01","modified_gmt":"2024-04-10T10:39:01","slug":"da-li-ce-neki-delovi-beograda-pre-dobiti-luj-viton-radnju-nego-kanalizaciju-njuz-podkast-140","status":"publish","type":"post","link":"https:\/\/podcast.rs\/en\/da-li-ce-neki-delovi-beograda-pre-dobiti-luj-viton-radnju-nego-kanalizaciju-njuz-podkast-140\/","title":{"rendered":"Da li \u0107e neki delovi Beograda pre dobiti Luj Viton radnju nego kanalizaciju? : Njuz Podkast 140"},"content":{"rendered":"<p>Prethodna nedelja bila je vi\u0161e nego inspirativna. Od sukoba Dragana \u0110ilasa u Utisku nedelje, preko najave bojkota do nadrealnih obe\u0107anja sada\u0161nje vlasti &#8211; od Luja Vitona do lete\u0107ih automobila. \u010cudili smo se (spojler: nismo) kako je Milica Zavetnica zavr\u0161ila na listi SNS i otkud Sa\u0161a Borojevi\u0107 na istoj. Pri\u010dali smo i o le\u0161inarenju medija kada su u pitanju tragi\u010dni doga\u0111aji. Komentarisali smo dolazak Nika Kejva u Beograd i sukobili se oko toga da li i\u0107i u Beograd na vodi ili ne?<br \/>\nNismo zaboravili ni kontroverznu Lidlovu reklamu. <\/p>\n<p>\u203c\ufe0f Saznajte ne\u0161to vi\u0161e i podr\u017eite kampanju Autonomnog \u017eenskog centra &#8222;Da njeno ponovo bude njeno&#8220; \ud83d\udc49 https:\/\/www.instagram.com\/autonomnizenskicentar\/<br \/>\nDirektne donacije \ud83d\udc49 https:\/\/www.womenngo.org.rs\/donacija<br \/>\n&#8212;<br \/>\nKripto voleti:<br \/>\nViktor BTC bc1q4estcdlypugcz5hnwd8z0gl64lmh6l2lsy23yt<br \/>\nNenad BTC 1AcKQwLtpnd9CmYD1N26tGtiBZaD8Jtb7M<br \/>\n(ostali kada otvore)<\/p>\n<p>Od sada nas mo\u017eete podr\u017eite i na YouTubeu:<br \/>\nhttps:\/\/www.youtube.com\/channel\/UCbYHvSoOkkHfhPTNkz4RmQg\/join<\/p>\n<p>Budite vi sponzor podkasta na Patreonu:<br \/>\nhttps:\/\/www.patreon.com\/njuz<\/p>\n<p>Kupite NJUZ majice:<br \/>\nhttps:\/\/www.dechkotzar.com\/sr\/tag\/njuz\/<\/p>\n<p>&#8212;<br \/>\nAudio podcasti:<br \/>\nDeezer https:\/\/www.deezer.com\/en\/show\/1736292<br \/>\nSoundcloud https:\/\/soundcloud.com\/njuz-net<br \/>\nApple https:\/\/podcasts.apple.com\/us\/podcast\/njuznet\/id1531300158<br \/>\nSpotify https:\/\/open.spotify.com\/show\/5M6FZXlro5U1bmjgj8xWiN<br \/>\nGoogle https:\/\/podcasts.google.com\/feed\/aHR0cHM6Ly9mZWVkcy5zb3VuZGNsb3VkLmNvbS91c2Vycy9zb3VuZGNsb3VkOnVzZXJzOjg3ODUzNDAwNS9zb3VuZHMucnNz<\/p>\n<p>Njuzovci na Instagramu:<br \/>\nhttps:\/\/www.instagram.com\/je.li.savetaa\/<br \/>\nhttps:\/\/www.instagram.com\/nenad.milosavljevic\/<br \/>\nhttps:\/\/www.instagram.com\/graforidza\/<br \/>\nhttps:\/\/www.instagram.com\/viktorxmarkovic\/<br \/>\nhttps:\/\/www.instagram.com\/marko_drazic\/<br \/>\nhttps:\/\/www.instagram.com\/vvukovv\/<\/p>\n<p>#njuznet #srbija #belgrade #balkan #najnovije #louisvuitton #humor #comedy #politika #pregled<\/p>","protected":false},"excerpt":{"rendered":"<p>Prethodna nedelja bila je vi\u0161e nego inspirativna. Od sukoba Dragana \u0110ilasa u Utisku nedelje, preko najave bojkota do nadrealnih obe\u0107anja sada\u0161nje vlasti &#8211; od Luja Vitona do lete\u0107ih automobila. \u010cudili smo se (spojler: nismo) kako je Milica Zavetnica zavr\u0161ila na listi SNS i otkud Sa\u0161a Borojevi\u0107 na istoj. Pri\u010dali smo i o le\u0161inarenju medija kada&#8230;<\/p>","protected":false},"author":3,"featured_media":20856,"comment_status":"close","ping_status":"closed","sticky":false,"template":"","format":"audio","meta":{"footnotes":""},"categories":[188],"tags":[],"class_list":["post-106589","post","type-post","status-publish","format-audio","has-post-thumbnail","hentry","category-njuz-net","post_format-post-format-audio"],"_links":{"self":[{"href":"https:\/\/podcast.rs\/en\/wp-json\/wp\/v2\/posts\/106589","targetHints":{"allow":["GET"]}}],"collection":[{"href":"https:\/\/podcast.rs\/en\/wp-json\/wp\/v2\/posts"}],"about":[{"href":"https:\/\/podcast.rs\/en\/wp-json\/wp\/v2\/types\/post"}],"author":[{"embeddable":true,"href":"https:\/\/podcast.rs\/en\/wp-json\/wp\/v2\/users\/3"}],"replies":[{"embeddable":true,"href":"https:\/\/podcast.rs\/en\/wp-json\/wp\/v2\/comments?post=106589"}],"version-history":[{"count":1,"href":"https:\/\/podcast.rs\/en\/wp-json\/wp\/v2\/posts\/106589\/revisions"}],"predecessor-version":[{"id":106590,"href":"https:\/\/podcast.rs\/en\/wp-json\/wp\/v2\/posts\/106589\/revisions\/106590"}],"wp:featuredmedia":[{"embeddable":true,"href":"https:\/\/podcast.rs\/en\/wp-json\/wp\/v2\/media\/20856"}],"wp:attachment":[{"href":"https:\/\/podcast.rs\/en\/wp-json\/wp\/v2\/media?parent=106589"}],"wp:term":[{"taxonomy":"category","embeddable":true,"href":"https:\/\/podcast.rs\/en\/wp-json\/wp\/v2\/categories?post=106589"},{"taxonomy":"post_tag","embeddable":true,"href":"https:\/\/podcast.rs\/en\/wp-json\/wp\/v2\/tags?post=106589"}],"curies":[{"name":"wp","href":"https:\/\/api.w.org\/{rel}","templated":true}]}}