{"id":106531,"date":"2024-04-08T20:00:00","date_gmt":"2024-04-08T18:00:00","guid":{"rendered":"https:\/\/podcast.rs\/?p=106531"},"modified":"2024-04-08T20:13:15","modified_gmt":"2024-04-08T18:13:15","slug":"31-pucali-su-snajperom-na-mene-dok-sam-fotografisao-u-ratu-dragoljub-zamurovic-halogenid-podcast","status":"publish","type":"post","link":"https:\/\/podcast.rs\/en\/31-pucali-su-snajperom-na-mene-dok-sam-fotografisao-u-ratu-dragoljub-zamurovic-halogenid-podcast\/","title":{"rendered":"#31 Pucali su snajperom na mene dok sam fotografisao u ratu | Dragoljub Zamurovi\u0107 |Halogenid Podcast"},"content":{"rendered":"<p>Gost #31 epizode Halogenid Podcasta je dokumentarni fotograf Dragoljub Zamurovi\u0107.<\/p>\n<p>Po\u010deo je kao reporta\u017eni fotograf u Ilustrovanoj politici ali je ubrzo postao, kako ka\u017ee, freelancer i od 1988. pa sve do 2011. bio je stalno akreditovani foto reportret francuske agencije Gamma. Tokom 90ih, kako su za Jugoslaviju do\u0161la te\u017ea i nesre\u0107nija vremena, tokom ratova, on je bio na svim frontovima, sa svojim fotoaparatom i bele\u017eio sve \u0161to se de\u0161ava oko njega. Bio je i u Vukovaru, Sarajevu, Srebrenici. Fotografisao je i sve proteste od martovskog protesta 91, preko 5. oktobra pa sve do ovih skora\u0161njih protesta kojih smo i sami svedoci. Njegove reporta\u017ee i radovi objavljivani su u preko 200 \u010dasopisa \u0161irom sveta, dok su neke zavr\u0161ile i na naslovnim stranama \u010dasopisa poput Life-a, Time-a i Nacionalne Geografije. Sa druge strane, dokumentovao je i ono najlep\u0161e u na\u0161oj zemlji te je izdao i monografije kao \u0161to su Srbija, \u017eivot i obi\u010daji, Vojvodina \u017eivot i obi\u010daji, Moj Beograd, i mnoge druge i o na\u0161oj ali i o drugim zemljama i narodima. Poslednje \u0161to je izdao su knjige Se\u0107am se i Se\u0107am se 2 gde je sabrao ceo svoj \u017eivotni opus i ispri\u010dao nam sve pri\u010de koje stoje iza tih fotografija. Kako i sam ka\u017ee, bez fotografije ne mo\u017ee, on fotografiju \u017eivi.<\/p>\n<p>U ovoj epizodi \u010du\u0107ete i te pri\u010de iz ratova, sa protesta, bombardovanja. \u010cu\u0107ete i dosta pri\u010da gde je mogao da izgubi \u017eivot. Ali ono najbitnije, \u010du\u0107ete kako je on to sve fotografisao i kako je do\u017eivljavao i pre\u017eivljavao sve te, psihi\u010dki i emotivno, vrlo te\u0161ke momente i de\u0161avanja.<br \/>\nSa druge strane, \u010du\u0107ete i dosta lepih pri\u010da o srbiji, na\u0161im ljudima, kolegama, letenju balonom i fotkanju iz vazduha.<\/p>\n<p>Ovo je prva epizoda sa Dragoljubom, a snimili smo dve. Do sada to nismo nikada uradili ali vas u slede\u0107oj epizodi o\u010dekuje i pregledavanje njegovih slika iz knjiga Se\u0107am se i Se\u0107am se 2, gde nam je i prepri\u010davao sve te pri\u010de kojih se se\u0107a a koje su iza tih fotografija.<\/p>\n<p>Ja sam mnogo u\u017eivao u ovom razgovoru a siguran sam da \u0107ete i vi!<br \/>\n\ud83d\udcf8\ud83d\ude01<\/p>\n<p>_____________________________________________<\/p>\n<p>\ud83d\udd57 Nova epizoda svakog drugog ponedeljka u mesecu u 20h!<br \/>\n_____________________________________________________________<\/p>\n<p>\ud83d\udcf8\ud83d\ude4b\ud83c\udffb\u200d\u2642\ufe0f Autor podcasta: Andrej Mihailovi\u0107 https:\/www.instagram.com\/andrejd3x<br \/>\n\ud83d\udcf8 Instagram profil Halogenid Podcasta https:\/\/www.instagram.com\/halogenid.podcast<\/p>\n<p>\ud83d\ude4b\ud83c\udffb\u200d\u2642\ufe0fGost:<br \/>\nDragoljub Zamurovi\u0107<br \/>\nhttps:\/\/www.artzamur.com<br \/>\nhttps:\/\/www.facebook.com\/artzamurstudio<\/p>\n<p>\ud83d\udc4f\ud83c\udffc Tim:<br \/>\n\ud83c\udfe0 Studio: https:\/\/www.instagram.com\/studio_d3x<br \/>\n\ud83c\udfa5 Za kamerama: Jovan Krsti\u0107 https:\/\/www.instagram.com\/johanca___<br \/>\n\ud83c\udfa4 Zvuk: Mateja Mihailovi\u0107 https:\/\/www.instagram.com\/mateja995<br \/>\n\ud83c\udf9e\ufe0f Monta\u017ea: Nikola Egeri\u0107 https:\/\/www.instagram.com\/egac_fakk<br \/>\n\ud83c\udfa8 Thumbnail dizajn: Igor \u0106uk https:\/\/www.instagram.com\/igorcuk97<br \/>\n\ud83d\udc69\ud83c\udffb\u200d\ud83d\udcbb Animacija: Tamara Jeleni\u0107 https:\/\/www.instagram.com\/t.am.ara<br \/>\n\ud83d\udd8c\ufe0fLogo dizajn: Tea Terzi\u0107 https:\/\/www.instagram.com\/tea_terzic_<\/p>","protected":false},"excerpt":{"rendered":"<p>Gost #31 epizode Halogenid Podcasta je dokumentarni fotograf Dragoljub Zamurovi\u0107. Po\u010deo je kao reporta\u017eni fotograf u Ilustrovanoj politici ali je ubrzo postao, kako ka\u017ee, freelancer i od 1988. pa sve do 2011. bio je stalno akreditovani foto reportret francuske agencije Gamma. Tokom 90ih, kako su za Jugoslaviju do\u0161la te\u017ea i nesre\u0107nija vremena, tokom ratova, on&#8230;<\/p>","protected":false},"author":3,"featured_media":68722,"comment_status":"close","ping_status":"closed","sticky":false,"template":"","format":"audio","meta":{"footnotes":""},"categories":[500],"tags":[],"class_list":["post-106531","post","type-post","status-publish","format-audio","has-post-thumbnail","hentry","category-halogenid-podcast","post_format-post-format-audio"],"_links":{"self":[{"href":"https:\/\/podcast.rs\/en\/wp-json\/wp\/v2\/posts\/106531","targetHints":{"allow":["GET"]}}],"collection":[{"href":"https:\/\/podcast.rs\/en\/wp-json\/wp\/v2\/posts"}],"about":[{"href":"https:\/\/podcast.rs\/en\/wp-json\/wp\/v2\/types\/post"}],"author":[{"embeddable":true,"href":"https:\/\/podcast.rs\/en\/wp-json\/wp\/v2\/users\/3"}],"replies":[{"embeddable":true,"href":"https:\/\/podcast.rs\/en\/wp-json\/wp\/v2\/comments?post=106531"}],"version-history":[{"count":1,"href":"https:\/\/podcast.rs\/en\/wp-json\/wp\/v2\/posts\/106531\/revisions"}],"predecessor-version":[{"id":106532,"href":"https:\/\/podcast.rs\/en\/wp-json\/wp\/v2\/posts\/106531\/revisions\/106532"}],"wp:featuredmedia":[{"embeddable":true,"href":"https:\/\/podcast.rs\/en\/wp-json\/wp\/v2\/media\/68722"}],"wp:attachment":[{"href":"https:\/\/podcast.rs\/en\/wp-json\/wp\/v2\/media?parent=106531"}],"wp:term":[{"taxonomy":"category","embeddable":true,"href":"https:\/\/podcast.rs\/en\/wp-json\/wp\/v2\/categories?post=106531"},{"taxonomy":"post_tag","embeddable":true,"href":"https:\/\/podcast.rs\/en\/wp-json\/wp\/v2\/tags?post=106531"}],"curies":[{"name":"wp","href":"https:\/\/api.w.org\/{rel}","templated":true}]}}