{"id":106002,"date":"2024-04-04T09:10:24","date_gmt":"2024-04-04T07:10:24","guid":{"rendered":"https:\/\/podcast.rs\/?p=106002"},"modified":"2024-04-04T09:24:21","modified_gmt":"2024-04-04T07:24:21","slug":"gde-se-formira-nova-srpska-vlada-u-kafani-naravno-njuz-podkast-139","status":"publish","type":"post","link":"https:\/\/podcast.rs\/en\/gde-se-formira-nova-srpska-vlada-u-kafani-naravno-njuz-podkast-139\/","title":{"rendered":"Gde se formira nova srpska vlada? U kafani, naravno : Njuz Podkast 139"},"content":{"rendered":"<p>Prethodne nedelje digli smo MIG-ove zbog (navodno) \u0161pijunskog balona, dobili mandatara za novu vladu i pre\u017eiveli jo\u0161 jedne &#8222;te\u0161ke dane&#8220;.<br \/>\nDok se u Beogradu otvara novi restoran D\u017eejmija Olivera, u Novom Sadu neki novi klinci zatvaraju fakultete. Saznajte i za\u0161to Erdogana ne voli srpski krug dvojke, \u0161ta je Informer ovaj put le\u0161inario i kakvi su na\u0161i obave\u0161tajci.<br \/>\nI gde je nestala Ana?<\/p>\n<p>Fotke<br \/>\nIG: @bucucnostsrbijeav, screenshot<br \/>\nIG: @jamiesitalianserbia, screenshot<br \/>\n&#8212;<br \/>\nKripto voleti:<br \/>\nViktor BTC bc1q4estcdlypugcz5hnwd8z0gl64lmh6l2lsy23yt<br \/>\nNenad BTC 1AcKQwLtpnd9CmYD1N26tGtiBZaD8Jtb7M<br \/>\n(ostali kada otvore)<\/p>\n<p>Od sada nas mo\u017eete podr\u017eite i na YouTubeu:<br \/>\nhttps:\/\/www.youtube.com\/channel\/UCbYHvSoOkkHfhPTNkz4RmQg\/join<\/p>\n<p>Budite vi sponzor podkasta na Patreonu:<br \/>\nhttps:\/\/www.patreon.com\/njuz<\/p>\n<p>Kupite NJUZ majice:<br \/>\nhttps:\/\/www.dechkotzar.com\/sr\/tag\/njuz\/<\/p>\n<p>&#8212;<br \/>\nAudio podcasti:<br \/>\nDeezer https:\/\/www.deezer.com\/en\/show\/1736292<br \/>\nSoundcloud https:\/\/soundcloud.com\/njuz-net<br \/>\nApple https:\/\/podcasts.apple.com\/us\/podcast\/njuznet\/id1531300158<br \/>\nSpotify https:\/\/open.spotify.com\/show\/5M6FZXlro5U1bmjgj8xWiN<br \/>\nGoogle https:\/\/podcasts.google.com\/feed\/aHR0cHM6Ly9mZWVkcy5zb3VuZGNsb3VkLmNvbS91c2Vycy9zb3VuZGNsb3VkOnVzZXJzOjg3ODUzNDAwNS9zb3VuZHMucnNz<\/p>\n<p>Njuzovci na Instagramu:<br \/>\nhttps:\/\/www.instagram.com\/je.li.savetaa\/<br \/>\nhttps:\/\/www.instagram.com\/nenad.milosavljevic\/<br \/>\nhttps:\/\/www.instagram.com\/graforidza\/<br \/>\nhttps:\/\/www.instagram.com\/viktorxmarkovic\/<br \/>\nhttps:\/\/www.instagram.com\/marko_drazic\/<br \/>\nhttps:\/\/www.instagram.com\/vvukovv\/<\/p>\n<p>00:00 Uvod<br \/>\n00:50 Klapa<br \/>\n01:52 Prvoaprilska \u0161ala<br \/>\n05:55 Hvala Vi!<br \/>\n08:00 Balon kod Valjeva<br \/>\n17:11 Te\u0161ki dani su pred nama<br \/>\n22:23 Gde je Ana Brnabi\u0107<br \/>\n26:00 D\u017eejmi Oliver u Beogradu<br \/>\n33:09 Da li to zna\u010di da su na\u0161i obave\u0161tajci bezveze<br \/>\n39:25 Erdogana ne voli turski krug dvojke<br \/>\n42:00 Seoba u Ni\u0161<br \/>\n48:52 Informer le\u0161inari<br \/>\n55:43 Studenti blokirali fakultet<br \/>\n01:05:00 Ja sam Kovi\u0107<br \/>\n01:08:00 Mladen  u Smederevu<\/p>\n<p>#podcast #srbija #najnovije #balkan #jamieoliver #food #travel<\/p>","protected":false},"excerpt":{"rendered":"<p>Prethodne nedelje digli smo MIG-ove zbog (navodno) \u0161pijunskog balona, dobili mandatara za novu vladu i pre\u017eiveli jo\u0161 jedne &#8222;te\u0161ke dane&#8220;. Dok se u Beogradu otvara novi restoran D\u017eejmija Olivera, u Novom Sadu neki novi klinci zatvaraju fakultete. Saznajte i za\u0161to Erdogana ne voli srpski krug dvojke, \u0161ta je Informer ovaj put le\u0161inario i kakvi su&#8230;<\/p>","protected":false},"author":3,"featured_media":20856,"comment_status":"close","ping_status":"closed","sticky":false,"template":"","format":"audio","meta":{"footnotes":""},"categories":[188],"tags":[],"class_list":["post-106002","post","type-post","status-publish","format-audio","has-post-thumbnail","hentry","category-njuz-net","post_format-post-format-audio"],"_links":{"self":[{"href":"https:\/\/podcast.rs\/en\/wp-json\/wp\/v2\/posts\/106002","targetHints":{"allow":["GET"]}}],"collection":[{"href":"https:\/\/podcast.rs\/en\/wp-json\/wp\/v2\/posts"}],"about":[{"href":"https:\/\/podcast.rs\/en\/wp-json\/wp\/v2\/types\/post"}],"author":[{"embeddable":true,"href":"https:\/\/podcast.rs\/en\/wp-json\/wp\/v2\/users\/3"}],"replies":[{"embeddable":true,"href":"https:\/\/podcast.rs\/en\/wp-json\/wp\/v2\/comments?post=106002"}],"version-history":[{"count":1,"href":"https:\/\/podcast.rs\/en\/wp-json\/wp\/v2\/posts\/106002\/revisions"}],"predecessor-version":[{"id":106003,"href":"https:\/\/podcast.rs\/en\/wp-json\/wp\/v2\/posts\/106002\/revisions\/106003"}],"wp:featuredmedia":[{"embeddable":true,"href":"https:\/\/podcast.rs\/en\/wp-json\/wp\/v2\/media\/20856"}],"wp:attachment":[{"href":"https:\/\/podcast.rs\/en\/wp-json\/wp\/v2\/media?parent=106002"}],"wp:term":[{"taxonomy":"category","embeddable":true,"href":"https:\/\/podcast.rs\/en\/wp-json\/wp\/v2\/categories?post=106002"},{"taxonomy":"post_tag","embeddable":true,"href":"https:\/\/podcast.rs\/en\/wp-json\/wp\/v2\/tags?post=106002"}],"curies":[{"name":"wp","href":"https:\/\/api.w.org\/{rel}","templated":true}]}}