{"id":105991,"date":"2024-04-03T19:52:58","date_gmt":"2024-04-03T17:52:58","guid":{"rendered":"https:\/\/podcast.rs\/jelena-medic-svijet-izmedju-sna-i-jave-potrebne-su-nam-price-iz-duse-arijadnin-lavirint-ep-23\/"},"modified":"2024-04-03T19:52:58","modified_gmt":"2024-04-03T17:52:58","slug":"jelena-medic-svijet-izmedju-sna-i-jave-potrebne-su-nam-price-iz-duse-arijadnin-lavirint-ep-23","status":"publish","type":"post","link":"https:\/\/podcast.rs\/en\/jelena-medic-svijet-izmedju-sna-i-jave-potrebne-su-nam-price-iz-duse-arijadnin-lavirint-ep-23\/","title":{"rendered":"Jelena Medi\u0107 | Svijet izme\u0111u sna i jave | Potrebne su nam pri\u010de iz du\u0161e | Arijadnin lavirint Ep. 23"},"content":{"rendered":"<p>Go\u0161\u0107a: Jelena Medi\u0107, vizuelna umjetnica<br \/>\nDoma\u0107in: Milanka Mitri\u0107<br \/>\n<a href=\"https:\/\/youtu.be\/EcC0SNHv3g4?si=qFzW0l0mbxS8t2xy\" rel=\"nofollow\">https:\/\/youtu.be\/EcC0SNHv3g4?si=qFzW0l0mbxS8t2xy<\/a><\/p>\n<p>Go\u0161\u0107a 23. epizode podkasta &#8222;Arijadnin lavirint&#8220; je fotografkinja i re\u017eiserka, ina\u010de diplomirana glumica i dramatur\u0161kinja Jelena Medi\u0107. U ovoj epizodi Jelena je otkrila ne\u0161to vi\u0161e o temama kojima se bavi u svojim radovima, o filmu koji trenutno priprema i o va\u017enosti stvaranja pri\u010da iz du\u0161e. To su pri\u010de o ljudima koji su dio na\u0161e svakodnevice i pri\u010de izme\u0111u snova i stvarnosti.<\/p>","protected":false},"excerpt":{"rendered":"<p>Go\u0161\u0107a: Jelena Medi\u0107, vizuelna umjetnica Doma\u0107in: Milanka Mitri\u0107 https:\/\/youtu.be\/EcC0SNHv3g4?si=qFzW0l0mbxS8t2xy Go\u0161\u0107a 23. epizode podkasta &#8222;Arijadnin lavirint&#8220; je fotografkinja i re\u017eiserka, ina\u010de diplomirana glumica i dramatur\u0161kinja Jelena Medi\u0107. U ovoj epizodi Jelena je otkrila ne\u0161to vi\u0161e o temama kojima se bavi u svojim radovima, o filmu koji trenutno priprema i o va\u017enosti stvaranja pri\u010da iz du\u0161e. To&#8230;<\/p>","protected":false},"author":3,"featured_media":89375,"comment_status":"","ping_status":"closed","sticky":false,"template":"","format":"standard","meta":{"footnotes":""},"categories":[553],"tags":[],"class_list":["post-105991","post","type-post","status-publish","format-standard","has-post-thumbnail","hentry","category-arijadnin-lavirint"],"_links":{"self":[{"href":"https:\/\/podcast.rs\/en\/wp-json\/wp\/v2\/posts\/105991","targetHints":{"allow":["GET"]}}],"collection":[{"href":"https:\/\/podcast.rs\/en\/wp-json\/wp\/v2\/posts"}],"about":[{"href":"https:\/\/podcast.rs\/en\/wp-json\/wp\/v2\/types\/post"}],"author":[{"embeddable":true,"href":"https:\/\/podcast.rs\/en\/wp-json\/wp\/v2\/users\/3"}],"replies":[{"embeddable":true,"href":"https:\/\/podcast.rs\/en\/wp-json\/wp\/v2\/comments?post=105991"}],"version-history":[{"count":0,"href":"https:\/\/podcast.rs\/en\/wp-json\/wp\/v2\/posts\/105991\/revisions"}],"wp:featuredmedia":[{"embeddable":true,"href":"https:\/\/podcast.rs\/en\/wp-json\/wp\/v2\/media\/89375"}],"wp:attachment":[{"href":"https:\/\/podcast.rs\/en\/wp-json\/wp\/v2\/media?parent=105991"}],"wp:term":[{"taxonomy":"category","embeddable":true,"href":"https:\/\/podcast.rs\/en\/wp-json\/wp\/v2\/categories?post=105991"},{"taxonomy":"post_tag","embeddable":true,"href":"https:\/\/podcast.rs\/en\/wp-json\/wp\/v2\/tags?post=105991"}],"curies":[{"name":"wp","href":"https:\/\/api.w.org\/{rel}","templated":true}]}}