{"id":105844,"date":"2024-03-30T18:25:00","date_gmt":"2024-03-30T17:25:00","guid":{"rendered":"https:\/\/podcast.rs\/?p=105844"},"modified":"2024-03-30T20:12:53","modified_gmt":"2024-03-30T18:12:53","slug":"dnevna-soba-haris-pasovic","status":"publish","type":"post","link":"https:\/\/podcast.rs\/en\/dnevna-soba-haris-pasovic\/","title":{"rendered":"Dnevna soba: Haris Pa\u0161ovi\u0107"},"content":{"rendered":"<p><span>Poznati reditelj\u00a0<\/span><span>Haris Pa\u0161ovi\u0107\u00a0<\/span><span>upustio se ovih dana, prema sopstvenoj ideji, u realizaciju veoma zahtevnog pozori\u0161nog dela &#8222;Svet mogu\u0107nosti&#8220; \u010dija se premijera o\u010dekuje za nekoliko dana na pozornici SNP-a. Ovaj komad inspirisan je \u017eivotom dece i ljudi koji \u017eive sa autizmom i cerebralnom paralizom, ali i svega \u0161to ih okru\u017euje &#8211; od porodice do sistema u kojem \u017eive i izazova sa kojim se svakodnevno susre\u0107u. Projekat, u okviru kojeg se realizuje predstava &#8222;Svet mogu\u0107nosti&#8220;, nosi naziv &#8222;Enabled theatre&#8220; i sprovodi se u saradnji SNP-a, Centra EAST \u2013 WEST iz Sarajeva, Grad Teatra Budva i Plesnog centra Tala iz Zagreba, a podr\u017eala ga je Evropska unija kroz program Kreativna Evropa.\u00a0<\/span><\/p>","protected":false},"excerpt":{"rendered":"<p>Poznati reditelj\u00a0Haris Pa\u0161ovi\u0107\u00a0upustio se ovih dana, prema sopstvenoj ideji, u realizaciju veoma zahtevnog pozori\u0161nog dela &#8222;Svet mogu\u0107nosti&#8220; \u010dija se premijera o\u010dekuje za nekoliko dana na pozornici SNP-a. Ovaj komad inspirisan je \u017eivotom dece i ljudi koji \u017eive sa autizmom i cerebralnom paralizom, ali i svega \u0161to ih okru\u017euje &#8211; od porodice do sistema u kojem&#8230;<\/p>","protected":false},"author":3,"featured_media":54584,"comment_status":"close","ping_status":"closed","sticky":false,"template":"","format":"audio","meta":{"footnotes":""},"categories":[431],"tags":[],"class_list":["post-105844","post","type-post","status-publish","format-audio","has-post-thumbnail","hentry","category-dnevna-soba","post_format-post-format-audio"],"_links":{"self":[{"href":"https:\/\/podcast.rs\/en\/wp-json\/wp\/v2\/posts\/105844","targetHints":{"allow":["GET"]}}],"collection":[{"href":"https:\/\/podcast.rs\/en\/wp-json\/wp\/v2\/posts"}],"about":[{"href":"https:\/\/podcast.rs\/en\/wp-json\/wp\/v2\/types\/post"}],"author":[{"embeddable":true,"href":"https:\/\/podcast.rs\/en\/wp-json\/wp\/v2\/users\/3"}],"replies":[{"embeddable":true,"href":"https:\/\/podcast.rs\/en\/wp-json\/wp\/v2\/comments?post=105844"}],"version-history":[{"count":1,"href":"https:\/\/podcast.rs\/en\/wp-json\/wp\/v2\/posts\/105844\/revisions"}],"predecessor-version":[{"id":105845,"href":"https:\/\/podcast.rs\/en\/wp-json\/wp\/v2\/posts\/105844\/revisions\/105845"}],"wp:featuredmedia":[{"embeddable":true,"href":"https:\/\/podcast.rs\/en\/wp-json\/wp\/v2\/media\/54584"}],"wp:attachment":[{"href":"https:\/\/podcast.rs\/en\/wp-json\/wp\/v2\/media?parent=105844"}],"wp:term":[{"taxonomy":"category","embeddable":true,"href":"https:\/\/podcast.rs\/en\/wp-json\/wp\/v2\/categories?post=105844"},{"taxonomy":"post_tag","embeddable":true,"href":"https:\/\/podcast.rs\/en\/wp-json\/wp\/v2\/tags?post=105844"}],"curies":[{"name":"wp","href":"https:\/\/api.w.org\/{rel}","templated":true}]}}