{"id":105165,"date":"2024-03-22T09:06:51","date_gmt":"2024-03-22T08:06:51","guid":{"rendered":"https:\/\/podcast.rs\/?p=105165"},"modified":"2024-03-22T10:20:22","modified_gmt":"2024-03-22T08:20:22","slug":"fadil-novalic-bivsi-premijer-u-zatvoru","status":"publish","type":"post","link":"https:\/\/podcast.rs\/en\/fadil-novalic-bivsi-premijer-u-zatvoru\/","title":{"rendered":"Fadil Novali\u0107, biv\u0161i premijer u zatvoru"},"content":{"rendered":"<p>U aprilu mjesecu 2020. godine, dan nakon progla\u0161enja vanredne situacije zbog pandemije COVID-19, vlada Federacije Bosne i Hercegovine kupila je tada prijeko potrebne respiratore. Njih \u0107e na aerodromu u Sarajevu do\u010dekati tada\u0161nji premijer Federacije BiH Fadil Novali\u0107. \u010cetiri godine kasnije, tri osobe odlaze u zatvor zbog medicinske opreme koja je trebala spasiti \u017eivote zara\u017eenih korona virusom. Me\u0111u njima je i tada\u0161nji premijer Federacije BiH.<br \/>\nKako je Fadil Novali\u0107 od nekada uspje\u0161nog poduzetnika, preko osam godina mandata na premijerskoj poziciji, zavr\u0161io u zatvoru? <\/p>","protected":false},"excerpt":{"rendered":"<p>U aprilu mjesecu 2020. godine, dan nakon progla\u0161enja vanredne situacije zbog pandemije COVID-19, vlada Federacije Bosne i Hercegovine kupila je tada prijeko potrebne respiratore. Njih \u0107e na aerodromu u Sarajevu do\u010dekati tada\u0161nji premijer Federacije BiH Fadil Novali\u0107. \u010cetiri godine kasnije, tri osobe odlaze u zatvor zbog medicinske opreme koja je trebala spasiti \u017eivote zara\u017eenih korona&#8230;<\/p>","protected":false},"author":3,"featured_media":69730,"comment_status":"close","ping_status":"closed","sticky":false,"template":"","format":"audio","meta":{"footnotes":""},"categories":[207],"tags":[],"class_list":["post-105165","post","type-post","status-publish","format-audio","has-post-thumbnail","hentry","category-izmedju-redova","post_format-post-format-audio"],"_links":{"self":[{"href":"https:\/\/podcast.rs\/en\/wp-json\/wp\/v2\/posts\/105165","targetHints":{"allow":["GET"]}}],"collection":[{"href":"https:\/\/podcast.rs\/en\/wp-json\/wp\/v2\/posts"}],"about":[{"href":"https:\/\/podcast.rs\/en\/wp-json\/wp\/v2\/types\/post"}],"author":[{"embeddable":true,"href":"https:\/\/podcast.rs\/en\/wp-json\/wp\/v2\/users\/3"}],"replies":[{"embeddable":true,"href":"https:\/\/podcast.rs\/en\/wp-json\/wp\/v2\/comments?post=105165"}],"version-history":[{"count":1,"href":"https:\/\/podcast.rs\/en\/wp-json\/wp\/v2\/posts\/105165\/revisions"}],"predecessor-version":[{"id":105166,"href":"https:\/\/podcast.rs\/en\/wp-json\/wp\/v2\/posts\/105165\/revisions\/105166"}],"wp:featuredmedia":[{"embeddable":true,"href":"https:\/\/podcast.rs\/en\/wp-json\/wp\/v2\/media\/69730"}],"wp:attachment":[{"href":"https:\/\/podcast.rs\/en\/wp-json\/wp\/v2\/media?parent=105165"}],"wp:term":[{"taxonomy":"category","embeddable":true,"href":"https:\/\/podcast.rs\/en\/wp-json\/wp\/v2\/categories?post=105165"},{"taxonomy":"post_tag","embeddable":true,"href":"https:\/\/podcast.rs\/en\/wp-json\/wp\/v2\/tags?post=105165"}],"curies":[{"name":"wp","href":"https:\/\/api.w.org\/{rel}","templated":true}]}}