{"id":10385,"date":"2020-05-08T20:00:27","date_gmt":"2020-05-08T18:00:27","guid":{"rendered":"https:\/\/podcast.rs\/?p=10385"},"modified":"2021-04-06T18:11:48","modified_gmt":"2021-04-06T16:11:48","slug":"razvoj-podkasta-u-srbiji","status":"publish","type":"post","link":"https:\/\/podcast.rs\/en\/razvoj-podkasta-u-srbiji\/","title":{"rendered":"Razvoj podkasta u Srbiji: nova mobilna aplikacija i ekskluzivno predavanje Erika Nuzuma"},"content":{"rendered":"<div data-elementor-type=\"wp-post\" data-elementor-id=\"10385\" class=\"elementor elementor-10385\" data-elementor-post-type=\"post\">\n\t\t\t\t\t\t<section class=\"elementor-section elementor-top-section elementor-element elementor-element-3cec67f elementor-section-boxed elementor-section-height-default elementor-section-height-default\" data-id=\"3cec67f\" data-element_type=\"section\" data-e-type=\"section\">\n\t\t\t\t\t\t<div class=\"elementor-container elementor-column-gap-default\">\n\t\t\t\t\t<div class=\"elementor-column elementor-col-100 elementor-top-column elementor-element elementor-element-5b609861\" data-id=\"5b609861\" data-element_type=\"column\" data-e-type=\"column\">\n\t\t\t<div class=\"elementor-widget-wrap elementor-element-populated\">\n\t\t\t\t\t\t<div class=\"elementor-element elementor-element-24f2202e elementor-widget elementor-widget-text-editor\" data-id=\"24f2202e\" data-element_type=\"widget\" data-e-type=\"widget\" data-widget_type=\"text-editor.default\">\n\t\t\t\t<div class=\"elementor-widget-container\">\n\t\t\t\t\t\t\t\t\t<p><\/p>\n<p><\/p>\n<p>Podkasti su nova audio forma koja postaje sve popularnija u Srbiji. Zahvaljuju\u0107i Podcast.rs platformi, doma\u0107i podkasti \u0107e uskoro biti dostupni i putem <strong>mobilnih aplikacija<\/strong> i to od <strong>28. maja<\/strong> kada se odr\u017eava <strong>onlajn panel o razvoju podkasta u Srbiji<\/strong>.<\/p>\n<p><\/p>\n<p>Ovim povodom <strong>Erik Nuzum<\/strong>, ekspert koji je pomogao globalni proboj podkasta kao \u0161to su <a href=\"https:\/\/www.npr.org\/podcasts\/510307\/invisibilia\">Invisibilia<\/a> i <a href=\"https:\/\/www.npr.org\/programs\/ted-radio-hour\/\">TED Radio Hour<\/a>&#8211; odr\u017ea\u0107e <strong>ekskluzivnu onlajn radionicu i savetovanje<\/strong> za odabrane u\u010desnike\/ce.<\/p>\n<p><\/p>\n<p>Podkast je nova medijska forma koja obuhvata decentralizovani audio sadr\u017eaj koji je \u0161iroko dostupan putem interneta. Kao takav postao je jedno od najbr\u017ee rastu\u0107ih tr\u017ei\u0161ta i neizbe\u017ean format velikih medijskih ku\u0107a ali i izvor informacija i zabave za \u010dak do 70% stanovni\u0161tva u mnogim zemljama.<\/p>\n<p><\/p>\n<p>Udru\u017eenje \u201ePodkast podr\u0161ka\u201c osnovano je 2019. godine kako bi pomoglo razvoj podkast zajednice i promociju ovog formata u Srbiji i regionu. Sa ovim ciljem pokrenuli smo web portal <a href=\"https:\/\/podcast.rs\/en\/\"><strong>www.podcast.rs<\/strong><\/a>, koji trenutno okuplja vi\u0161e od 65 doma\u0107ih i regionalnih podkasta, brojnu publiku, kreatore i ljubitelje ove forme sadr\u017eaja. Podcast.rs inicijativa pru\u017ea podr\u0161ku podkasterima i svima koji \u017eele da se oprobaju u ovoj oblasti, kako kroz direktnu ko-produkciju tako i kroz edukaciju i savetovanje.<\/p>\n<p><\/p>\n<p>Na onlajn konferenciji koju udru\u017eenje \u201ePodkast podr\u0161ka\u201c organizuje <strong>28. maja sa po\u010detkom u 12.30<\/strong>, bi\u0107e predstavljene <strong>mobilne aplikacije za IoS i Android platforme<\/strong> &#8211; koje \u0107e doma\u0107oj publici omogu\u0107iti jednostavno slu\u0161anje podkasta, brojne nove funcionalnosti i specijalno kreiran edukativni sadr\u017eaj. Ovom prilikom govori\u0107e:<\/p>\n<p><\/p>\n<ul class=\"wp-block-list\">\n<li><strong>Evan Tracz<\/strong> \u2013 USAID-ov Projekat ja\u010danja okru\u017eenja za odr\u017eivost medija<\/li>\n<li><strong>Vladimir Radinovi\u0107<\/strong> \u2013 Podcast.rs<\/li>\n<li><strong>Goran Vojte\u0161ki<\/strong> \u2013 Podcast.rs<\/li>\n<li><strong>Galeb Nika\u010devi\u0107 Hasci-Jare<\/strong> \u2013 podkast <a href=\"https:\/\/podcast.rs\/en\/show\/agelast\/\">Agelast<\/a><\/li>\n<li><strong>Selena Kosori\u0107<\/strong> \u2013 <a href=\"https:\/\/podcast.rs\/en\/show\/danas-podcast\/\">Danas podkast<\/a><\/li>\n<li><strong>Goran Krgovi\u0107<\/strong> \u2013<a href=\"http:\/\/www.sounder.fm\">Sounder.fm<\/a><\/li>\n<li><strong>Erik Nuzum<\/strong> \u2013 <a href=\"https:\/\/magnificentnoise.com\/\">Magnificient noise<\/a><\/li>\n<\/ul>\n<p><\/p>\n<p>Specijalni gost panela <strong><a href=\"file:\/\/\/C:\/Users\/mvelojic\/AppData\/Local\/Microsoft\/Windows\/INetCache\/Content.Outlook\/O1F2VUCV\/ericnuzum.com\">Erik Nuzum<\/a><\/strong> je ekspert koji radi na kreiranju globalno poznatih podkasta i digitalnih proizvoda za medije i klijente kao \u0161to su: New York Times, TED i Esther Perel Global Media. Tokom svoje dugogodi\u0161nje karijere, bio je na poziciji vi\u0161eg potpredsednika<strong> Amazonove kompanije <\/strong><a href=\"https:\/\/www.audible.com\/\"><strong>Audible<\/strong><\/a><strong> i medijske organizacije <\/strong><a href=\"https:\/\/www.npr.org\/\"><strong>NPR<\/strong><\/a><strong>, <\/strong>a trenutno radi sa individualnim klijentima u okviru svoje kompanije Magnificient Noise. Zaslu\u017ean je za to \u0161to je NPR postao svetski lider u produkciji i distribuciji podkasta i savetovao neke od najpoznatijih podkastera i kompanija o tome kako da razviju koncept i pokrenu podkaste &#8211; koji su postali odr\u017eivi i globalno poznati. Autor je knjige &#8222;<a href=\"http:\/\/ericnuzum.com\/\">Make Noise: A Creator\u2019s Guide to Podcasting and Great Audio Storytelling<\/a>&#8222;. Nakon prvog dela Nuzumovog masterklasa 28. maja, publika \u0107e imati prilike da u\u017eivo \u010duje DJ Memeta.<\/p>\n<p><\/p>\n<p>Onlajn konferenciju i prvi deo Erikovog predavanja mo\u017eete pratiti 28. maja od 12.30 na slede\u0107im platformama:<\/p>\n<ul>\n<li><a href=\"http:\/\/facebook.com\/podcast.rs\">facebook.com\/podcast.rs<\/a><\/li>\n<li><a href=\"http:\/\/bit.ly\/podcastrsYT\">bit.ly\/podcastrsYT<\/a><\/li>\n<li><a href=\"http:\/\/instagram.com\/podcast.rs\">instagram.com\/podcast.rs<\/a><\/li>\n<li><a href=\"http:\/\/bit.ly\/podcastrszoom\">Zoom webinar<\/a><\/li>\n<\/ul>\n<p><\/p>\n<p>Podcast.rs platforma i aplikacije razvijene su okviru USAID-ovog Projekta ja\u010danja okru\u017eenja za odr\u017eivost medija (USAID Strenghtening Media Systems Project), koji sprovodi IREX.<\/p>\n<p><\/p>\n<blockquote class=\"wp-block-quote is-layout-flow wp-block-quote-is-layout-flow\">\n<p>Onlajn panel o razvoju podkasta u Srbiji organizuje se u okviru <a href=\"https:\/\/belgrade.impacthub.net\/recap\/\">ReCap (Regional Capital Market) 2020<\/a> doga\u0111aja koji Impact Hub organizuje od 25. do 29. maja 2020. ReCap je serija online fokusiranih razgovora koja okuplja preduzetnike, mentore i investitore iz industrija digitalnih medija, online kolaboracije i klimatskih promena. Vode\u0107i uspe\u0161ni preduzetnici sa velikih tr\u017ei\u0161ta poveza\u0107e se kroz moderirane intervjue i Q&amp;A sa osniva\u010dima, startapima i tech preduzetnicima iz Srbije i regiona dele\u0107i uvide i trendove u kreiranju &#8222;nove normale&#8220;. Impact Hub je deo istoimene globalne mre\u017ee koju \u010dini 100+ Impact Hub-ova \u0161irom sveta koja okuplja preko 16000 preduzetnika, mentora i investitora.<\/p>\n<\/blockquote>\n<p><\/p>\n<p><\/p>\t\t\t\t\t\t\t\t<\/div>\n\t\t\t\t<\/div>\n\t\t\t\t\t<\/div>\n\t\t<\/div>\n\t\t\t\t\t<\/div>\n\t\t<\/section>\n\t\t\t\t<\/div>","protected":false},"excerpt":{"rendered":"<p>Podkasti su nova audio forma koja postaje sve popularnija u Srbiji. Zahvaljuju\u0107i Podcast.rs platformi, doma\u0107i podkasti \u0107e uskoro biti dostupni i putem mobilnih aplikacija i to od 28. maja kada se odr\u017eava onlajn panel o razvoju podkasta u Srbiji. Ovim povodom Erik Nuzum, ekspert koji je pomogao globalni proboj podkasta kao \u0161to su Invisibilia i&#8230;<\/p>","protected":false},"author":3,"featured_media":10394,"comment_status":"closed","ping_status":"closed","sticky":false,"template":"","format":"standard","meta":{"footnotes":""},"categories":[267],"tags":[],"class_list":["post-10385","post","type-post","status-publish","format-standard","has-post-thumbnail","hentry","category-blog"],"_links":{"self":[{"href":"https:\/\/podcast.rs\/en\/wp-json\/wp\/v2\/posts\/10385","targetHints":{"allow":["GET"]}}],"collection":[{"href":"https:\/\/podcast.rs\/en\/wp-json\/wp\/v2\/posts"}],"about":[{"href":"https:\/\/podcast.rs\/en\/wp-json\/wp\/v2\/types\/post"}],"author":[{"embeddable":true,"href":"https:\/\/podcast.rs\/en\/wp-json\/wp\/v2\/users\/3"}],"replies":[{"embeddable":true,"href":"https:\/\/podcast.rs\/en\/wp-json\/wp\/v2\/comments?post=10385"}],"version-history":[{"count":0,"href":"https:\/\/podcast.rs\/en\/wp-json\/wp\/v2\/posts\/10385\/revisions"}],"wp:featuredmedia":[{"embeddable":true,"href":"https:\/\/podcast.rs\/en\/wp-json\/wp\/v2\/media\/10394"}],"wp:attachment":[{"href":"https:\/\/podcast.rs\/en\/wp-json\/wp\/v2\/media?parent=10385"}],"wp:term":[{"taxonomy":"category","embeddable":true,"href":"https:\/\/podcast.rs\/en\/wp-json\/wp\/v2\/categories?post=10385"},{"taxonomy":"post_tag","embeddable":true,"href":"https:\/\/podcast.rs\/en\/wp-json\/wp\/v2\/tags?post=10385"}],"curies":[{"name":"wp","href":"https:\/\/api.w.org\/{rel}","templated":true}]}}