{"id":103620,"date":"2024-03-13T17:30:24","date_gmt":"2024-03-13T16:30:24","guid":{"rendered":"https:\/\/podcast.rs\/?p=103620"},"modified":"2024-03-13T20:23:30","modified_gmt":"2024-03-13T18:23:30","slug":"yu-mafija-u-njemackoj-mit-ili-stvarnost","status":"publish","type":"post","link":"https:\/\/podcast.rs\/en\/yu-mafija-u-njemackoj-mit-ili-stvarnost\/","title":{"rendered":"&#8222;YU Mafija&#8220; u Njema\u010dkoj: mit ili stvarnost?"},"content":{"rendered":"<p>      Desetlje\u0107ima se u Njema\u010dkoj raspredao mit o postojanju tzv. &#8222;YU Mafije&#8220; koja je upletena u najte\u017ee kriminalne radnje, izme\u0111u ostalog i plja\u010dku riznice Kelnske katedrale. Kriminalne jugoslavenske skupine su povezivane i s ubojstvima politi\u010dkih emigranata. No koliko ima istine u tim pri\u010dama a koliko je pojam &#8222;YU mafije&#8220; plod medijskog izvje\u0161tavanja. Nenad Kreizer razgovara s novinarom i istra\u017eiva\u010dem \u017deljkom Peratovi\u0107em. Vi\u0161e o organiziranom kriminalu u Njema\u010dkoj saznajemo od Filipa Slavkovi\u0107a.<\/p>","protected":false},"excerpt":{"rendered":"<p>Desetlje\u0107ima se u Njema\u010dkoj raspredao mit o postojanju tzv. &#8222;YU Mafije&#8220; koja je upletena u najte\u017ee kriminalne radnje, izme\u0111u ostalog i plja\u010dku riznice Kelnske katedrale. Kriminalne jugoslavenske skupine su povezivane i s ubojstvima politi\u010dkih emigranata. No koliko ima istine u tim pri\u010dama a koliko je pojam &#8222;YU mafije&#8220; plod medijskog izvje\u0161tavanja. Nenad Kreizer razgovara s&#8230;<\/p>","protected":false},"author":3,"featured_media":48737,"comment_status":"close","ping_status":"closed","sticky":false,"template":"","format":"audio","meta":{"footnotes":""},"categories":[183],"tags":[],"class_list":["post-103620","post","type-post","status-publish","format-audio","has-post-thumbnail","hentry","category-cosmo","post_format-post-format-audio"],"_links":{"self":[{"href":"https:\/\/podcast.rs\/en\/wp-json\/wp\/v2\/posts\/103620","targetHints":{"allow":["GET"]}}],"collection":[{"href":"https:\/\/podcast.rs\/en\/wp-json\/wp\/v2\/posts"}],"about":[{"href":"https:\/\/podcast.rs\/en\/wp-json\/wp\/v2\/types\/post"}],"author":[{"embeddable":true,"href":"https:\/\/podcast.rs\/en\/wp-json\/wp\/v2\/users\/3"}],"replies":[{"embeddable":true,"href":"https:\/\/podcast.rs\/en\/wp-json\/wp\/v2\/comments?post=103620"}],"version-history":[{"count":1,"href":"https:\/\/podcast.rs\/en\/wp-json\/wp\/v2\/posts\/103620\/revisions"}],"predecessor-version":[{"id":103621,"href":"https:\/\/podcast.rs\/en\/wp-json\/wp\/v2\/posts\/103620\/revisions\/103621"}],"wp:featuredmedia":[{"embeddable":true,"href":"https:\/\/podcast.rs\/en\/wp-json\/wp\/v2\/media\/48737"}],"wp:attachment":[{"href":"https:\/\/podcast.rs\/en\/wp-json\/wp\/v2\/media?parent=103620"}],"wp:term":[{"taxonomy":"category","embeddable":true,"href":"https:\/\/podcast.rs\/en\/wp-json\/wp\/v2\/categories?post=103620"},{"taxonomy":"post_tag","embeddable":true,"href":"https:\/\/podcast.rs\/en\/wp-json\/wp\/v2\/tags?post=103620"}],"curies":[{"name":"wp","href":"https:\/\/api.w.org\/{rel}","templated":true}]}}