{"id":103614,"date":"2024-03-13T14:14:30","date_gmt":"2024-03-13T12:14:30","guid":{"rendered":"https:\/\/podcast.rs\/progovori-o-pregovorima-ep10-evropa-u-2024-godini\/"},"modified":"2026-04-28T15:35:34","modified_gmt":"2026-04-28T13:35:34","slug":"progovori-o-pregovorima-ep10-evropa-u-2024-godini","status":"publish","type":"post","link":"https:\/\/podcast.rs\/en\/progovori-o-pregovorima-ep10-evropa-u-2024-godini\/","title":{"rendered":"Progovori o pregovorima EP10 \/ Evropa u 2024. godini"},"content":{"rendered":"<p>U desetoj epizodi POP podkasta razgovarali smo o predstoje\u0107im izazovima i doga\u0111ajima koji o\u010dekuju Evropu i svet tokom 2024. godine. O izborima za Evropski parlament i rastu desnog populizma, o uticaju ameri\u010dkih izbora na Evropu i o nastavku rata u Ukrajini, sa Jovanom Popovom, saradnicom na Fakultetu politi\u010dkih nauka razgovarao je Sr\u0111an Cviji\u0107, predsednik Me\u0111unarodnog savetodavnog odbora Beogradskog centra za bezbednosnu politiku.<\/p>\n<\/p>\n<p>Autorka emisije: Jovana Popova<\/p>\n<p>Gost: Sr\u0111an Cviji\u0107<\/p>\n<p>Urednici emisije: Branislav Cvetkovi\u0107, Miljana Jovanovi\u0107<\/p>\n<p>Saradnici: Milan Hiber, Veljko Jovanovi\u0107<\/p>\n<p>Monta\u017ea: Zoka \u0106ati\u0107<\/p>\n<p>Tehni\u010dka podr\u0161ka: Ivana Tomi\u0107, Vlado Vrane\u0161evi\u0107<\/p>\n<p>Produkcija: Beogradska otvorena \u0161kola<\/p>\n<p>Dizajn: Dana Tasovac, Ana Vrane\u0161evi\u0107<\/p>\n<\/p>\n<p>Napomena: Stavovi izneseni u epizodama predstavljaju li\u010dni stav autora i autorki i ne izra\u017eavaju mi\u0161ljenja Beogradske otvorene \u0161kole.<\/p>\n<hr>\n<p style='color:grey;font-size:0.75em'> Hosted on Acast. See <a style='color:grey' target='_blank' rel='noopener noreferrer' href='https:\/\/acast.com\/privacy'>acast.com\/privacy<\/a> for more information.<\/p>","protected":false},"excerpt":{"rendered":"<p>U desetoj epizodi POP podkasta razgovarali smo o predstoje\u0107im izazovima i doga\u0111ajima koji o\u010dekuju Evropu i svet tokom 2024. godine. O izborima za Evropski parlament i rastu desnog populizma, o uticaju ameri\u010dkih izbora na Evropu i o nastavku rata u Ukrajini, sa Jovanom Popovom, saradnicom na Fakultetu politi\u010dkih nauka razgovarao je Sr\u0111an Cviji\u0107, predsednik Me\u0111unarodnog&#8230;<\/p>","protected":false},"author":3,"featured_media":86976,"comment_status":"closed","ping_status":"closed","sticky":false,"template":"","format":"standard","meta":{"footnotes":""},"categories":[546],"tags":[],"class_list":["post-103614","post","type-post","status-publish","format-standard","has-post-thumbnail","hentry","category-progovori-o-pregovorima"],"_links":{"self":[{"href":"https:\/\/podcast.rs\/en\/wp-json\/wp\/v2\/posts\/103614","targetHints":{"allow":["GET"]}}],"collection":[{"href":"https:\/\/podcast.rs\/en\/wp-json\/wp\/v2\/posts"}],"about":[{"href":"https:\/\/podcast.rs\/en\/wp-json\/wp\/v2\/types\/post"}],"author":[{"embeddable":true,"href":"https:\/\/podcast.rs\/en\/wp-json\/wp\/v2\/users\/3"}],"replies":[{"embeddable":true,"href":"https:\/\/podcast.rs\/en\/wp-json\/wp\/v2\/comments?post=103614"}],"version-history":[{"count":23,"href":"https:\/\/podcast.rs\/en\/wp-json\/wp\/v2\/posts\/103614\/revisions"}],"predecessor-version":[{"id":680971,"href":"https:\/\/podcast.rs\/en\/wp-json\/wp\/v2\/posts\/103614\/revisions\/680971"}],"wp:featuredmedia":[{"embeddable":true,"href":"https:\/\/podcast.rs\/en\/wp-json\/wp\/v2\/media\/86976"}],"wp:attachment":[{"href":"https:\/\/podcast.rs\/en\/wp-json\/wp\/v2\/media?parent=103614"}],"wp:term":[{"taxonomy":"category","embeddable":true,"href":"https:\/\/podcast.rs\/en\/wp-json\/wp\/v2\/categories?post=103614"},{"taxonomy":"post_tag","embeddable":true,"href":"https:\/\/podcast.rs\/en\/wp-json\/wp\/v2\/tags?post=103614"}],"curies":[{"name":"wp","href":"https:\/\/api.w.org\/{rel}","templated":true}]}}