{"id":102872,"date":"2024-03-11T18:00:25","date_gmt":"2024-03-11T17:00:25","guid":{"rendered":"https:\/\/podcast.rs\/?p=102872"},"modified":"2024-03-11T20:25:12","modified_gmt":"2024-03-11T18:25:12","slug":"uskoro-odluka-o-otvaranju-pristupnih-pregovora-bih-sa-eu","status":"publish","type":"post","link":"https:\/\/podcast.rs\/en\/uskoro-odluka-o-otvaranju-pristupnih-pregovora-bih-sa-eu\/","title":{"rendered":"Uskoro odluka o otvaranju pristupnih pregovora BiH sa EU"},"content":{"rendered":"<p>      Njema\u010dka i EU su ponovno intenzivirale proces pribli\u017eavanja zemalja Balkana Europskoj uniji. To se posebice odnosi na Bosnu u Hercegovinu koju su posljednjih tjedana posjetili brojni EU diplomati. Povod je i\u0161\u010dekivanje zelenog svjetla Vije\u0107a Europske unije za otvaranje pregovora izme\u0111u BiH i EU-a krajem mjeseca. Kakvi su izgledi da BiH otvori pregovore o punopravnom \u010dlanstvu, o tomu razgovaramo izme\u0111u ostalog i s Harisom Plakalom, glavnim tajnikom Europskog pokreta za Bosnu i Hercegovinu.<\/p>","protected":false},"excerpt":{"rendered":"<p>Njema\u010dka i EU su ponovno intenzivirale proces pribli\u017eavanja zemalja Balkana Europskoj uniji. To se posebice odnosi na Bosnu u Hercegovinu koju su posljednjih tjedana posjetili brojni EU diplomati. Povod je i\u0161\u010dekivanje zelenog svjetla Vije\u0107a Europske unije za otvaranje pregovora izme\u0111u BiH i EU-a krajem mjeseca. Kakvi su izgledi da BiH otvori pregovore o punopravnom \u010dlanstvu,&#8230;<\/p>","protected":false},"author":3,"featured_media":48737,"comment_status":"close","ping_status":"closed","sticky":false,"template":"","format":"audio","meta":{"footnotes":""},"categories":[183],"tags":[],"class_list":["post-102872","post","type-post","status-publish","format-audio","has-post-thumbnail","hentry","category-cosmo","post_format-post-format-audio"],"_links":{"self":[{"href":"https:\/\/podcast.rs\/en\/wp-json\/wp\/v2\/posts\/102872","targetHints":{"allow":["GET"]}}],"collection":[{"href":"https:\/\/podcast.rs\/en\/wp-json\/wp\/v2\/posts"}],"about":[{"href":"https:\/\/podcast.rs\/en\/wp-json\/wp\/v2\/types\/post"}],"author":[{"embeddable":true,"href":"https:\/\/podcast.rs\/en\/wp-json\/wp\/v2\/users\/3"}],"replies":[{"embeddable":true,"href":"https:\/\/podcast.rs\/en\/wp-json\/wp\/v2\/comments?post=102872"}],"version-history":[{"count":1,"href":"https:\/\/podcast.rs\/en\/wp-json\/wp\/v2\/posts\/102872\/revisions"}],"predecessor-version":[{"id":102873,"href":"https:\/\/podcast.rs\/en\/wp-json\/wp\/v2\/posts\/102872\/revisions\/102873"}],"wp:featuredmedia":[{"embeddable":true,"href":"https:\/\/podcast.rs\/en\/wp-json\/wp\/v2\/media\/48737"}],"wp:attachment":[{"href":"https:\/\/podcast.rs\/en\/wp-json\/wp\/v2\/media?parent=102872"}],"wp:term":[{"taxonomy":"category","embeddable":true,"href":"https:\/\/podcast.rs\/en\/wp-json\/wp\/v2\/categories?post=102872"},{"taxonomy":"post_tag","embeddable":true,"href":"https:\/\/podcast.rs\/en\/wp-json\/wp\/v2\/tags?post=102872"}],"curies":[{"name":"wp","href":"https:\/\/api.w.org\/{rel}","templated":true}]}}