{"id":102491,"date":"2024-03-07T18:50:23","date_gmt":"2024-03-07T17:50:23","guid":{"rendered":"https:\/\/podcast.rs\/?p=102491"},"modified":"2024-03-07T20:59:57","modified_gmt":"2024-03-07T18:59:57","slug":"odgovornost-prema-coveku-prirodi-i-gradu-i-jovan-mitrovic-i-sfera-podcast-i-ep-27","status":"publish","type":"post","link":"https:\/\/podcast.rs\/en\/odgovornost-prema-coveku-prirodi-i-gradu-i-jovan-mitrovic-i-sfera-podcast-i-ep-27\/","title":{"rendered":"Odgovornost prema \u010doveku, prirodi i gradu I Jovan Mitrovi\u0107 I SFERA podcast I EP 27"},"content":{"rendered":"<p>\ud83e\udef6 CEO RAZGOVOR mo\u017eete poslu\u0161ati na PATREON-u.<br \/>\n\ud83e\udef6 Podr\u0161ka mese\u010dnim donacijama &#8211; <a href=\"https:\/\/www.youtube.com\/redirect?event=video_description&amp;redir_token=QUFFLUhqa21KR1NSVm1GRzRKMFNPWWQwbFcyM2dtdUZOQXxBQ3Jtc0trTFR5c3JkSGNDczI2VzNTNnJKaTNaazlubUVjYzJPRjNEVVBxZzRwaWU3ZmhDVG42NENNNVdxMnhKUXprSGh0NDVYUjFHV19FcnY5M2JkOG1MWnFCZXNod1k5YW9PMl9SUHNacmpBY1dsNGw4NjQ5NA&amp;q=https%3A%2F%2Fwww.patreon.com%2FSferaPodcast&amp;v=0RkGNZnZaP4\">\u2060\u00a0\u00a0\/\u00a0sferapodcast\u00a0\u00a0\u2060<\/a><br \/>\n\ud83e\udef6 Podr\u0161ka jednokratnom donacijom &#8211; <a href=\"https:\/\/www.youtube.com\/redirect?event=video_description&amp;redir_token=QUFFLUhqbkJPOS1wSEJPOERqb3hDWlZZSi1COGEtV0JPUXxBQ3Jtc0tsdC1FZF83M1ROdzdTRUQ4THlxd1AxWmFYTDRTSHM2UE5rWXNnbVlZcERjQVhucU1tbVFiaW9FLUZaSFVKNVdjXzd4bmN2MTdidVc1SlBkbjhoWXNWb05WLVNvSjVSMnI1RkRuenZ1d3pVLUVsNG9xYw&amp;q=https%3A%2F%2Fwww.paypal.com%2Fpaypalme%2Fpodcastsfera&amp;v=0RkGNZnZaP4\">\u2060https:\/\/www.paypal.com\/paypalme\/podca&#8230;\u2060<\/a><\/p>\n<p><\/p>\n<p><strong>Sponzori<\/strong><\/p>\n<ul>\n<li>Graphisoft &#8211; <a href=\"https:\/\/graphisoft.com\/\">\u2060https:\/\/graphisoft.com\/\u2060<\/a><\/li>\n<li>Grohe &#8211; <a href=\"https:\/\/www.grohe.rs\/sr_rs\/\">\u2060https:\/\/www.grohe.rs\/sr_rs\/\u2060<\/a><\/li>\n<li>Alumil &#8211; <a href=\"https:\/\/www.alumil.com\/serbia\/homeowners\">\u2060https:\/\/www.alumil.com\/serbia\/homeowners\u2060<\/a><\/li>\n<\/ul>\n<p><\/p>\n<p>Na\u0161 novi sagovornik u 27. podcastu je arhitekta <strong>Jovan Mitrovi\u0107<\/strong>. Arhitekta sa bogatim profesionalnim iskustvom od preko 40 godina.<\/p>\n<p><\/p>\n<p>Sa Jovanom koji sada \u017eivi i radi na relaciji Slovenija \u2013 Srbija, razgovarali smo o njegovoj filozofiji projektovanja prema principima odr\u017eivosti, o specifi\u010dnostima ku\u0107a gra\u0111enih od betona, o uticaju autoriteta za vreme studija, o \u017eivotu i radu u Rusiji i zanimljivim prelomnim momentima u karijeri, kao i o budu\u0107nosti razvoja Beograda i \u0161ansama koje su propu\u0161tene, a koje se u budu\u0107nosti ne smeju ispustiti.<\/p>\n<p><\/p>\n<p>Autor je ve\u0107eg broja realizovanih nagra\u0111ivanih objekata kako u samostalnoj re\u017eiji tako i u koautorstvu sa kolegom prof. Dejanom Miljkovi\u0107em.<\/p>\n<p><\/p>\n<p>Diplomirao je na beogradskom fakultetu 1980. godine, na kome je i magistrirao na temi &#8222;Stanovanja&#8220;, dok je specijalisti\u010dke studije zavr\u0161io u Portugaliji. Bio je predsednik SAS-a (Saveza Arhitekata Srbije) u dva mandata, predsednik mati\u010dne sekcije arhitekta IKS (In\u017eenjerske komore Srbije) u dva mandata, komesar Republike Srbije na 12. Bijenalu Arhitekture u Veneciji i jedini srpski arhitekta \u010diji je objekat iz Srbije (fiskulturna sala osnovne \u0161kole u Obrenovcu) publikovan u francuskom \u010dasopisu o savremenoj arhitekturi &#8222;l&#8217;Architecture d&#8217;aujourd&#8217;hui&#8220;. Dobitnik je brojnih nagrada na me\u0111unarodnim i doma\u0107im arhitektonsko-urbanisti\u010dkim konkursima i priznanja u praksi, me\u0111u kojima su najzna\u010dajnije: \u010detiri nagrade Grand-Prix Salona arhitekture, kao i dve godi\u0161nje nagrade Ranko Radovi\u0107.<\/p>\n<p><\/p>\n<p><strong>KREATIVNI TIM<\/strong><\/p>\n<p><strong>Autori i urednici<\/strong><\/p>\n<ul>\n<li>Miljan Salata<\/li>\n<li>Igor Mikiti\u0161in<\/li>\n<li>Nemanja Da\u010di\u0107<\/li>\n<li>Denis Turanovi\u0107<\/li>\n<\/ul>\n<p><strong>Voditelji<\/strong><\/p>\n<ul>\n<li>Igor Mikiti\u0161in i Miljan Salata<\/li>\n<\/ul>\n<p><strong>Direktor fotografije<\/strong><\/p>\n<ul>\n<li>Nemanja Da\u010di\u0107<\/li>\n<\/ul>\n<p><strong>Vizuelni identitet<\/strong><\/p>\n<ul>\n<li>Denis Turanovi\u0107<\/li>\n<\/ul>\n<p><strong>Monta\u017ea i zvuk<\/strong><\/p>\n<ul>\n<li>Luka Juki\u0107<\/li>\n<\/ul>\n<p><strong>Social media content<\/strong><\/p>\n<ul>\n<li>Kristina Vukovi\u0107<\/li>\n<\/ul>\n<p><\/p>\n<p><strong>Dru\u0161tvene mre\u017ee<\/strong><\/p>\n<p><a href=\"https:\/\/linktr.ee\/sfera_podcast\">\u2060https:\/\/linktr.ee\/sfera_podcast\u2060<\/a><\/p>\n<p>&#8212;<\/p>\n<p>ZABRANJENO JE SVAKO KOPIRANJE I PREUZIMANJE, U DELOVIMA ILI U CELOSTI, BEZ ODOBRENJA AUTORA I PRODUKCIJE KOJA JE VLASNIK MATERIJALA.<\/p>\n<p>Podcast SFERA \ud83c\udf1a<\/p>","protected":false},"excerpt":{"rendered":"<p>\ud83e\udef6 CEO RAZGOVOR mo\u017eete poslu\u0161ati na PATREON-u. \ud83e\udef6 Podr\u0161ka mese\u010dnim donacijama &#8211; \u2060\u00a0\u00a0\/\u00a0sferapodcast\u00a0\u00a0\u2060 \ud83e\udef6 Podr\u0161ka jednokratnom donacijom &#8211; \u2060https:\/\/www.paypal.com\/paypalme\/podca&#8230;\u2060 Sponzori Graphisoft &#8211; \u2060https:\/\/graphisoft.com\/\u2060 Grohe &#8211; \u2060https:\/\/www.grohe.rs\/sr_rs\/\u2060 Alumil &#8211; \u2060https:\/\/www.alumil.com\/serbia\/homeowners\u2060 Na\u0161 novi sagovornik u 27. podcastu je arhitekta Jovan Mitrovi\u0107. Arhitekta sa bogatim profesionalnim iskustvom od preko 40 godina. Sa Jovanom koji sada \u017eivi i radi&#8230;<\/p>","protected":false},"author":3,"featured_media":69113,"comment_status":"close","ping_status":"closed","sticky":false,"template":"","format":"audio","meta":{"footnotes":""},"categories":[501],"tags":[],"class_list":["post-102491","post","type-post","status-publish","format-audio","has-post-thumbnail","hentry","category-sfera","post_format-post-format-audio"],"_links":{"self":[{"href":"https:\/\/podcast.rs\/en\/wp-json\/wp\/v2\/posts\/102491","targetHints":{"allow":["GET"]}}],"collection":[{"href":"https:\/\/podcast.rs\/en\/wp-json\/wp\/v2\/posts"}],"about":[{"href":"https:\/\/podcast.rs\/en\/wp-json\/wp\/v2\/types\/post"}],"author":[{"embeddable":true,"href":"https:\/\/podcast.rs\/en\/wp-json\/wp\/v2\/users\/3"}],"replies":[{"embeddable":true,"href":"https:\/\/podcast.rs\/en\/wp-json\/wp\/v2\/comments?post=102491"}],"version-history":[{"count":1,"href":"https:\/\/podcast.rs\/en\/wp-json\/wp\/v2\/posts\/102491\/revisions"}],"predecessor-version":[{"id":102492,"href":"https:\/\/podcast.rs\/en\/wp-json\/wp\/v2\/posts\/102491\/revisions\/102492"}],"wp:featuredmedia":[{"embeddable":true,"href":"https:\/\/podcast.rs\/en\/wp-json\/wp\/v2\/media\/69113"}],"wp:attachment":[{"href":"https:\/\/podcast.rs\/en\/wp-json\/wp\/v2\/media?parent=102491"}],"wp:term":[{"taxonomy":"category","embeddable":true,"href":"https:\/\/podcast.rs\/en\/wp-json\/wp\/v2\/categories?post=102491"},{"taxonomy":"post_tag","embeddable":true,"href":"https:\/\/podcast.rs\/en\/wp-json\/wp\/v2\/tags?post=102491"}],"curies":[{"name":"wp","href":"https:\/\/api.w.org\/{rel}","templated":true}]}}