{"id":102174,"date":"2024-03-06T14:51:00","date_gmt":"2024-03-06T13:51:00","guid":{"rendered":"https:\/\/podcast.rs\/?p=102174"},"modified":"2024-03-06T18:41:32","modified_gmt":"2024-03-06T16:41:32","slug":"samoubistvo-je-odraz-nemoci-da-se-prevazidje-velika-bol","status":"publish","type":"post","link":"https:\/\/podcast.rs\/en\/samoubistvo-je-odraz-nemoci-da-se-prevazidje-velika-bol\/","title":{"rendered":"Samoubistvo je odraz nemo\u0107i da se prevazi\u0111e velika bol"},"content":{"rendered":"<p>Tragi\u010dna vest o ga\u0161enju dva de\u010dija \u017eivota i samoubistvu dve mlade osobe u Novom Sadu, na \u017ealost, ponovo nas je podsetila na to koliko je jo\u0161 razgovora, akcija, empatije i podr\u0161ke potrebno da bi se popravilo stanje u na\u0161em dru\u0161tvu. Ovaj doga\u0111aj nas je podsetio i na to da se u javnosti, pogotovo u tabloidnim medijima i dalje stereotipno, neeti\u010dno i neprofesionalno izve\u0161tava o samoubistvu.<\/p>\n<p>Jedan od naslova koji se iznova ponavljao u tim medijima glasio je &#8222;Dr\u017eali se za ruke i sko\u010dili zajedno u smrt&#8220;. Romantizacija ovakvih tragedija samo je jedna od lo\u0161ih i nepo\u017eeljnih narativa kada je samoubistvo u pitanju. Tu su obi\u010dno i detalji iz porodi\u010dnog i privatnog \u017eivota, osu\u0111ivanje, nasumi\u010dno baratanje uzrocima i neprimerene fotografije. Zaboravlja se na najva\u017eniju stvar &#8211; a to je da se iza samoubistva krije nemogu\u0107nost odbrane od bola i tuge.<\/p>\n<p>Druga stvar je \u0161to se o prevenciji suicida retko govori. Tema je tabu, rezervisana za uske krugove, a oni koji imaju suicidalne misli stigamtizovani i izolovani.\u00a0<\/p>\n<div><span><br \/><\/span><\/div>","protected":false},"excerpt":{"rendered":"<p>Tragi\u010dna vest o ga\u0161enju dva de\u010dija \u017eivota i samoubistvu dve mlade osobe u Novom Sadu, na \u017ealost, ponovo nas je podsetila na to koliko je jo\u0161 razgovora, akcija, empatije i podr\u0161ke potrebno da bi se popravilo stanje u na\u0161em dru\u0161tvu. Ovaj doga\u0111aj nas je podsetio i na to da se u javnosti, pogotovo u tabloidnim&#8230;<\/p>","protected":false},"author":3,"featured_media":54663,"comment_status":"close","ping_status":"closed","sticky":false,"template":"","format":"audio","meta":{"footnotes":""},"categories":[432],"tags":[],"class_list":["post-102174","post","type-post","status-publish","format-audio","has-post-thumbnail","hentry","category-u-kakvoj-zemlji-zelim-da-zivim","post_format-post-format-audio"],"_links":{"self":[{"href":"https:\/\/podcast.rs\/en\/wp-json\/wp\/v2\/posts\/102174","targetHints":{"allow":["GET"]}}],"collection":[{"href":"https:\/\/podcast.rs\/en\/wp-json\/wp\/v2\/posts"}],"about":[{"href":"https:\/\/podcast.rs\/en\/wp-json\/wp\/v2\/types\/post"}],"author":[{"embeddable":true,"href":"https:\/\/podcast.rs\/en\/wp-json\/wp\/v2\/users\/3"}],"replies":[{"embeddable":true,"href":"https:\/\/podcast.rs\/en\/wp-json\/wp\/v2\/comments?post=102174"}],"version-history":[{"count":1,"href":"https:\/\/podcast.rs\/en\/wp-json\/wp\/v2\/posts\/102174\/revisions"}],"predecessor-version":[{"id":102175,"href":"https:\/\/podcast.rs\/en\/wp-json\/wp\/v2\/posts\/102174\/revisions\/102175"}],"wp:featuredmedia":[{"embeddable":true,"href":"https:\/\/podcast.rs\/en\/wp-json\/wp\/v2\/media\/54663"}],"wp:attachment":[{"href":"https:\/\/podcast.rs\/en\/wp-json\/wp\/v2\/media?parent=102174"}],"wp:term":[{"taxonomy":"category","embeddable":true,"href":"https:\/\/podcast.rs\/en\/wp-json\/wp\/v2\/categories?post=102174"},{"taxonomy":"post_tag","embeddable":true,"href":"https:\/\/podcast.rs\/en\/wp-json\/wp\/v2\/tags?post=102174"}],"curies":[{"name":"wp","href":"https:\/\/api.w.org\/{rel}","templated":true}]}}