{"id":102113,"date":"2024-03-05T06:00:00","date_gmt":"2024-03-05T05:00:00","guid":{"rendered":"https:\/\/podcast.rs\/?p=102113"},"modified":"2024-03-05T07:37:15","modified_gmt":"2024-03-05T05:37:15","slug":"sefica-njemacke-diplomatije-u-sarajevu-o-eu-putu-bih","status":"publish","type":"post","link":"https:\/\/podcast.rs\/en\/sefica-njemacke-diplomatije-u-sarajevu-o-eu-putu-bih\/","title":{"rendered":"\u0160efica njema\u010dke diplomatije u Sarajevu o EU putu BiH"},"content":{"rendered":"<p>Utorak: Ministrica vanjskih poslova Njema\u010dke Annalena Baerbock susrest \u0107e se s \u010dlanovima zajedni\u010dke parlamentarne komisije za evropske integracije i predstavnicima kolegija oba doma dr\u017eavnog parlamenta. Regionalna konferencija o saradnji na pitanjima nacionalnih manjina u Sarajevu. <\/p>","protected":false},"excerpt":{"rendered":"<p>Utorak: Ministrica vanjskih poslova Njema\u010dke Annalena Baerbock susrest \u0107e se s \u010dlanovima zajedni\u010dke parlamentarne komisije za evropske integracije i predstavnicima kolegija oba doma dr\u017eavnog parlamenta. Regionalna konferencija o saradnji na pitanjima nacionalnih manjina u Sarajevu.<\/p>","protected":false},"author":3,"featured_media":69733,"comment_status":"close","ping_status":"closed","sticky":false,"template":"","format":"audio","meta":{"footnotes":""},"categories":[505],"tags":[],"class_list":["post-102113","post","type-post","status-publish","format-audio","has-post-thumbnail","hentry","category-sta-ima","post_format-post-format-audio"],"_links":{"self":[{"href":"https:\/\/podcast.rs\/en\/wp-json\/wp\/v2\/posts\/102113","targetHints":{"allow":["GET"]}}],"collection":[{"href":"https:\/\/podcast.rs\/en\/wp-json\/wp\/v2\/posts"}],"about":[{"href":"https:\/\/podcast.rs\/en\/wp-json\/wp\/v2\/types\/post"}],"author":[{"embeddable":true,"href":"https:\/\/podcast.rs\/en\/wp-json\/wp\/v2\/users\/3"}],"replies":[{"embeddable":true,"href":"https:\/\/podcast.rs\/en\/wp-json\/wp\/v2\/comments?post=102113"}],"version-history":[{"count":1,"href":"https:\/\/podcast.rs\/en\/wp-json\/wp\/v2\/posts\/102113\/revisions"}],"predecessor-version":[{"id":102114,"href":"https:\/\/podcast.rs\/en\/wp-json\/wp\/v2\/posts\/102113\/revisions\/102114"}],"wp:featuredmedia":[{"embeddable":true,"href":"https:\/\/podcast.rs\/en\/wp-json\/wp\/v2\/media\/69733"}],"wp:attachment":[{"href":"https:\/\/podcast.rs\/en\/wp-json\/wp\/v2\/media?parent=102113"}],"wp:term":[{"taxonomy":"category","embeddable":true,"href":"https:\/\/podcast.rs\/en\/wp-json\/wp\/v2\/categories?post=102113"},{"taxonomy":"post_tag","embeddable":true,"href":"https:\/\/podcast.rs\/en\/wp-json\/wp\/v2\/tags?post=102113"}],"curies":[{"name":"wp","href":"https:\/\/api.w.org\/{rel}","templated":true}]}}