{"id":102082,"date":"2024-03-04T18:00:53","date_gmt":"2024-03-04T17:00:53","guid":{"rendered":"https:\/\/podcast.rs\/?p=102082"},"modified":"2024-03-04T20:26:41","modified_gmt":"2024-03-04T18:26:41","slug":"sto-za-crnu-goru-znaci-politicki-razlaz-milatovica-i-spajica","status":"publish","type":"post","link":"https:\/\/podcast.rs\/en\/sto-za-crnu-goru-znaci-politicki-razlaz-milatovica-i-spajica\/","title":{"rendered":"\u0160to za Crnu Goru zna\u010di politi\u010dki razlaz Milatovi\u0107a i Spaji\u0107a?"},"content":{"rendered":"<p>      Predsjednik Crne Gore i potpredsjednik Pokreta Evropa sad, Jakov Milatovi\u0107, podnio je ostavku na sve strana\u010dke funkcije. Iako odluka nije iznenadila mnoge analiti\u010dare, ipak sa sobom povla\u010di mnoga pitanja \u2013 ho\u0107e li predsjednik sada formirati novu stranku, mo\u017ee li premijer sam voditi Crnu Goru ka EU, otvara li ova situacija vrata proruskoj koaliciji i \u0161to se krije iza posjete Milorada Dodika Podgorici? Odgovore donosi Maja Mari\u0107 s kolegicom Vesnom Rajkovi\u0107 i analiti\u010darem Zoranom Radulovi\u0107em.<\/p>","protected":false},"excerpt":{"rendered":"<p>Predsjednik Crne Gore i potpredsjednik Pokreta Evropa sad, Jakov Milatovi\u0107, podnio je ostavku na sve strana\u010dke funkcije. Iako odluka nije iznenadila mnoge analiti\u010dare, ipak sa sobom povla\u010di mnoga pitanja \u2013 ho\u0107e li predsjednik sada formirati novu stranku, mo\u017ee li premijer sam voditi Crnu Goru ka EU, otvara li ova situacija vrata proruskoj koaliciji i \u0161to&#8230;<\/p>","protected":false},"author":3,"featured_media":48737,"comment_status":"close","ping_status":"closed","sticky":false,"template":"","format":"audio","meta":{"footnotes":""},"categories":[183],"tags":[],"class_list":["post-102082","post","type-post","status-publish","format-audio","has-post-thumbnail","hentry","category-cosmo","post_format-post-format-audio"],"_links":{"self":[{"href":"https:\/\/podcast.rs\/en\/wp-json\/wp\/v2\/posts\/102082","targetHints":{"allow":["GET"]}}],"collection":[{"href":"https:\/\/podcast.rs\/en\/wp-json\/wp\/v2\/posts"}],"about":[{"href":"https:\/\/podcast.rs\/en\/wp-json\/wp\/v2\/types\/post"}],"author":[{"embeddable":true,"href":"https:\/\/podcast.rs\/en\/wp-json\/wp\/v2\/users\/3"}],"replies":[{"embeddable":true,"href":"https:\/\/podcast.rs\/en\/wp-json\/wp\/v2\/comments?post=102082"}],"version-history":[{"count":1,"href":"https:\/\/podcast.rs\/en\/wp-json\/wp\/v2\/posts\/102082\/revisions"}],"predecessor-version":[{"id":102083,"href":"https:\/\/podcast.rs\/en\/wp-json\/wp\/v2\/posts\/102082\/revisions\/102083"}],"wp:featuredmedia":[{"embeddable":true,"href":"https:\/\/podcast.rs\/en\/wp-json\/wp\/v2\/media\/48737"}],"wp:attachment":[{"href":"https:\/\/podcast.rs\/en\/wp-json\/wp\/v2\/media?parent=102082"}],"wp:term":[{"taxonomy":"category","embeddable":true,"href":"https:\/\/podcast.rs\/en\/wp-json\/wp\/v2\/categories?post=102082"},{"taxonomy":"post_tag","embeddable":true,"href":"https:\/\/podcast.rs\/en\/wp-json\/wp\/v2\/tags?post=102082"}],"curies":[{"name":"wp","href":"https:\/\/api.w.org\/{rel}","templated":true}]}}