{"id":101933,"date":"2024-02-28T12:00:42","date_gmt":"2024-02-28T11:00:42","guid":{"rendered":"https:\/\/podcast.rs\/?p=101933"},"modified":"2024-02-28T13:18:37","modified_gmt":"2024-02-28T11:18:37","slug":"od-izbora-tri-putica-branimir-nestorovic-i-svi-raskoli-u-mi-glas-iz-naroda-njuz-podkast-134","status":"publish","type":"post","link":"https:\/\/podcast.rs\/en\/od-izbora-tri-putica-branimir-nestorovic-i-svi-raskoli-u-mi-glas-iz-naroda-njuz-podkast-134\/","title":{"rendered":"Od izbora tri puti\u0107a: Branimir Nestorovi\u0107 i svi raskoli u &#8222;Mi-Glas iz naroda&#8220; : Njuz Podkast 134"},"content":{"rendered":"<p>Raskol u pokretu &#8222;Mi-Glas iz naroda&#8220; doveo je do toga da niko vi\u0161e ne zna ko je s kim. Goran Vesi\u0107 proslavio je ro\u0111endan sa Jovanom Jeremi\u0107, dok je Radoji\u010di\u0107 (navodno) slavio na Kopaoniku. Beograd je ostao bez fontane na Trgu Nikole Pa\u0161i\u0107a, a ni kraj drame oko izborne sednice skup\u0161tine grada se ne vidi. Nedimovic imao udes (navodno).<br \/>\nPri\u010dali smo i o likovima koji javljaju biznis kurseve na Instagramu i kakve veze s tim ima frulica. <\/p>\n<p>\ud83c\udf4dHej, sjajne vesti! Od 12. februara do 10. marta Ananas.rs slavi svoj ro\u0111endananas! Posetite odmah njihov sajt i proverite kakve su sve popuste i vau\u010dere od \u010dak 5000 dinara koje su spremili za vas \ud83d\udc49 www.ananas.rs<\/p>\n<p>\ud83d\udcf1Ukoliko ste u potrazi za novim telefonom   @SamsungSrbijaOfficial   vam predstavlja najnovije modele Samsung Galaxy S24 serije, koja donosi Galaxy AI funkcionalnosti koje \u0107e vam olak\u0161ati svakodnevnu upotrebu telefona, me\u0111u kojima je i Live translate.<br \/>\nZa Live translation neophodna je mre\u017ena veza i prijava na Samsung nalog. Live translation je raspolo\u017eivo samo na fabri\u010dki instaliranoj aplikaciji Samsung Phone. Za odre\u0111ene jezike mo\u017ee biti neophodno preuzeti jezi\u010dki paket. Raspolo\u017eivost usluge mo\u017ee zavisiti od jezika. Preciznost rezultata nije garantovana. #PokaziGalaxyAI<br \/>\nSamsung S24 Ultra \ud83d\udc49 https:\/\/www.samsung.com\/rs\/smartphones\/galaxy-s24-ultra\/<br \/>\nSamsung S24\/S24+ \ud83d\udc49 https:\/\/www.samsung.com\/rs\/smartphones\/galaxy-s24\/<\/p>\n<p>\u2764\ufe0f Ovog  \u010detvrtak smo deo humanitarnog doga\u0111aja, pri\u010dacemo malo o na\u0161im iskustvima na prvim poslovima (nekima i jedinim). Tom prilikom cemo podr\u017eati NORBS, a ako i vi \u017eelite da podr\u017eite borbu protiv retkih bolesti mo\u017eete putem ovog linka \ud83d\udc49 https:\/\/norbs.rs <\/p>\n<p>&#8212;<br \/>\n\ud83e\udd19  Pridru\u017eite nam se:<br \/>\nViber grupa: https:\/\/invite.viber.com\/?g2=AQAb%2B2OrS2iW7FG1eALXwZ89LviKS86oOHqDdbdV7SIpsgwWjkVBKQGK8ooXeNcp<br \/>\nTelegram grupa: https:\/\/t.me\/njuznet<br \/>\nWhatsAPP kanal: https:\/\/whatsapp.com\/channel\/0029Va5giHFDeON4UJEr6Q0A<\/p>\n<p>\u203c\ufe0f Njuz stikeri: https:\/\/stickers.viber.com\/pages\/custom-sticker-packs\/11ee86076495af38827ccb0bdf55ffa402fe77b7acf925d8<\/p>\n<p>&#8212;<br \/>\nKripto voleti:<br \/>\nViktor BTC bc1q4estcdlypugcz5hnwd8z0gl64lmh6l2lsy23yt<br \/>\nNenad BTC 1AcKQwLtpnd9CmYD1N26tGtiBZaD8Jtb7M<br \/>\n(ostali kada otvore)<\/p>\n<p>Od sada nas mo\u017eete podr\u017eite i na YouTubeu:<br \/>\nhttps:\/\/www.youtube.com\/channel\/UCbYHvSoOkkHfhPTNkz4RmQg\/join<\/p>\n<p>Budite vi sponzor podkasta na Patreonu:<br \/>\nhttps:\/\/www.patreon.com\/njuz<\/p>\n<p>Kupite NJUZ majice:<br \/>\nhttps:\/\/www.dechkotzar.com\/sr\/tag\/njuz\/<\/p>\n<p>&#8212;<br \/>\nAudio podcasti:<br \/>\nDeezer https:\/\/www.deezer.com\/en\/show\/1736292<br \/>\nSoundcloud https:\/\/soundcloud.com\/njuz-net<br \/>\nApple https:\/\/podcasts.apple.com\/us\/podcast\/njuznet\/id1531300158<br \/>\nSpotify https:\/\/open.spotify.com\/show\/5M6FZXlro5U1bmjgj8xWiN<br \/>\nGoogle https:\/\/podcasts.google.com\/feed\/aHR0cHM6Ly9mZWVkcy5zb3VuZGNsb3VkLmNvbS91c2Vycy9zb3VuZGNsb3VkOnVzZXJzOjg3ODUzNDAwNS9zb3VuZHMucnNz<\/p>\n<p>Njuzovci na Instagramu:<br \/>\nhttps:\/\/www.instagram.com\/je.li.savetaa\/<br \/>\nhttps:\/\/www.instagram.com\/nenad.milosavljevic\/<br \/>\nhttps:\/\/www.instagram.com\/graforidza\/<br \/>\nhttps:\/\/www.instagram.com\/viktorxmarkovic\/<br \/>\nhttps:\/\/www.instagram.com\/marko_drazic\/<br \/>\nhttps:\/\/www.instagram.com\/vvukovv\/<\/p>","protected":false},"excerpt":{"rendered":"<p>Raskol u pokretu &#8222;Mi-Glas iz naroda&#8220; doveo je do toga da niko vi\u0161e ne zna ko je s kim. Goran Vesi\u0107 proslavio je ro\u0111endan sa Jovanom Jeremi\u0107, dok je Radoji\u010di\u0107 (navodno) slavio na Kopaoniku. Beograd je ostao bez fontane na Trgu Nikole Pa\u0161i\u0107a, a ni kraj drame oko izborne sednice skup\u0161tine grada se ne vidi&#8230;.<\/p>","protected":false},"author":3,"featured_media":20856,"comment_status":"close","ping_status":"closed","sticky":false,"template":"","format":"audio","meta":{"footnotes":""},"categories":[188],"tags":[],"class_list":["post-101933","post","type-post","status-publish","format-audio","has-post-thumbnail","hentry","category-njuz-net","post_format-post-format-audio"],"_links":{"self":[{"href":"https:\/\/podcast.rs\/en\/wp-json\/wp\/v2\/posts\/101933","targetHints":{"allow":["GET"]}}],"collection":[{"href":"https:\/\/podcast.rs\/en\/wp-json\/wp\/v2\/posts"}],"about":[{"href":"https:\/\/podcast.rs\/en\/wp-json\/wp\/v2\/types\/post"}],"author":[{"embeddable":true,"href":"https:\/\/podcast.rs\/en\/wp-json\/wp\/v2\/users\/3"}],"replies":[{"embeddable":true,"href":"https:\/\/podcast.rs\/en\/wp-json\/wp\/v2\/comments?post=101933"}],"version-history":[{"count":1,"href":"https:\/\/podcast.rs\/en\/wp-json\/wp\/v2\/posts\/101933\/revisions"}],"predecessor-version":[{"id":101934,"href":"https:\/\/podcast.rs\/en\/wp-json\/wp\/v2\/posts\/101933\/revisions\/101934"}],"wp:featuredmedia":[{"embeddable":true,"href":"https:\/\/podcast.rs\/en\/wp-json\/wp\/v2\/media\/20856"}],"wp:attachment":[{"href":"https:\/\/podcast.rs\/en\/wp-json\/wp\/v2\/media?parent=101933"}],"wp:term":[{"taxonomy":"category","embeddable":true,"href":"https:\/\/podcast.rs\/en\/wp-json\/wp\/v2\/categories?post=101933"},{"taxonomy":"post_tag","embeddable":true,"href":"https:\/\/podcast.rs\/en\/wp-json\/wp\/v2\/tags?post=101933"}],"curies":[{"name":"wp","href":"https:\/\/api.w.org\/{rel}","templated":true}]}}