{"id":101570,"date":"2024-02-22T20:43:16","date_gmt":"2024-02-22T19:43:16","guid":{"rendered":"https:\/\/podcast.rs\/?p=101570"},"modified":"2024-02-22T22:48:59","modified_gmt":"2024-02-22T20:48:59","slug":"beogradski-sajam-istorijat-i-izazovi-buducnosti-anita-mancic-kreni-promeni-docomomo-sfera-ep-26","status":"publish","type":"post","link":"https:\/\/podcast.rs\/en\/beogradski-sajam-istorijat-i-izazovi-buducnosti-anita-mancic-kreni-promeni-docomomo-sfera-ep-26\/","title":{"rendered":"BEOGRADSKI SAJAM: Istorijat i izazovi budu\u0107nosti | Anita Man\u010di\u0107, Kreni Promeni, DOCOMOMO | Sfera | EP 26"},"content":{"rendered":"<p>Online peticija: <\/p>\n<ul>\n<li><a href=\"https:\/\/www.youtube.com\/redirect?event=video_description&amp;redir_token=QUFFLUhqbHZldWlUNUFGVFdpM0NILXBPVWh4Vk94RVpoZ3xBQ3Jtc0tsVGJJTDFKd0d0cGlMUkh0M0VpQkxaQkFWVjVSZzAzalhXSUJHemRlVGNjRmduV1F5NEZNU0s1dWVSWXJCNkZiamdkbksta1F5cXJhYllta0pLRURQdUFsVWkyVE9MZ180UUM1N1ZuU2k5ak52UTJIVQ&amp;q=https%3A%2F%2Fpeticije.kreni-promeni.org%2Fpetitions%2Fzastitimo-sajam-rusenje-beograda-mora-stati&amp;v=XmJxFpgDyic\" target=\"_blank\" rel=\"nofollow noopener\">https:\/\/peticije.kreni-promeni.org\/pe&#8230;<\/a><\/li>\n<\/ul>\n<p><\/p>\n<p>\ud83e\udef6 CEO RAZGOVOR mo\u017eete poslu\u0161ati na PATREON-u!<\/p>\n<p>\ud83e\udef6 Podr\u0161ka mese\u010dnim donacijama<\/p>\n<ul>\n<li><a href=\"https:\/\/www.youtube.com\/redirect?event=video_description&amp;redir_token=QUFFLUhqbTBkb2JnTjBEdlBtOE5CcjdHWVdseXhSa2t3d3xBQ3Jtc0ttbDVJLXRidHd4QURLUVBBWEpsLW9XMHROcG04WHdNUmJhdVk0VlRmdEZqVHMtS1J4WURJQjRudVdWcVZIREN2R2ctQ3BmQkRWN1k1Rkp4bUg5aXQ3TjYzbVN2NjBVMEo3eE1TY0dBcWV0TlJOdFNGcw&amp;q=https%3A%2F%2Fwww.patreon.com%2FSferaPodcast&amp;v=XmJxFpgDyic\" target=\"_blank\" rel=\"nofollow noopener\">\u00a0\u00a0\/\u00a0sferapodcast\u00a0\u00a0<\/a><\/li>\n<\/ul>\n<p>\ud83e\udef6 Podr\u0161ka jednokratnom donacijom<\/p>\n<ul>\n<li><a href=\"https:\/\/www.youtube.com\/redirect?event=video_description&amp;redir_token=QUFFLUhqbDR6cHl5cjV4UjhyNFNFVEh2eXQzamc4Um9HZ3xBQ3Jtc0trYmVuNVZuV183SHJDUHFfUDdvWnMzVFg0dll3dnRidGkzekh5VFFmVy12NjZueWVrbV9hS200NkZORC1vd2VXejA2QVRXVGVPWjVENEVIMVVrd3VtRzcxaGVEcUVCUUNzWkZVcmJuRG1sX0JOSlN4TQ&amp;q=https%3A%2F%2Fwww.paypal.com%2Fpaypalme%2Fpodcastsfera&amp;v=XmJxFpgDyic\" target=\"_blank\" rel=\"nofollow noopener\">https:\/\/www.paypal.com\/paypalme\/podca&#8230;<\/a><\/li>\n<\/ul>\n<p><\/p>\n<p><strong>Sponzori<\/strong><\/p>\n<ul>\n<li>Graphisoft &#8211; <a href=\"https:\/\/www.youtube.com\/redirect?event=video_description&amp;redir_token=QUFFLUhqa1QzS1VsQmZuMmY0Zk1oT2ZOWW1EcWNJSlZsZ3xBQ3Jtc0tsTWxndkpZRGVmVWVPMmdNeXFRdkRNdUVTS2pmc3E0NWJDczY4c05JR2xRQTdGUllmdGdrMERqbkUySzlOdExKYjd5WDg3c0JlS0ZsTlVNZTlHdThicTRyMEM5aXpCdDR6SUxZVi1tdlpaSGREemtBZw&amp;q=https%3A%2F%2Fgraphisoft.com%2F&amp;v=XmJxFpgDyic\" target=\"_blank\" rel=\"nofollow noopener\">https:\/\/graphisoft.com\/<\/a><\/li>\n<li>Grohe &#8211; <a href=\"https:\/\/www.youtube.com\/redirect?event=video_description&amp;redir_token=QUFFLUhqbWxUajlXOTVQMmNaR1NZczFpSGtCZXdyQzgtQXxBQ3Jtc0trVlotSXVsR3M2bEhpektxV0xDVXhxNWM0a2FTLV9BY2RhdnF3NWUySW41MjFUelNGTzhsOW9ZSFFDdTZFWlB5VlNiNGJKRXgwYXctVVptcGI0MzdjelkycW9mN1gySlFhWkpNdi1aNDFaYUNhSlYwZw&amp;q=https%3A%2F%2Fwww.grohe.rs%2Fsr_rs%2F&amp;v=XmJxFpgDyic\" target=\"_blank\" rel=\"nofollow noopener\">https:\/\/www.grohe.rs\/sr_rs\/<\/a><\/li>\n<li>Alumil &#8211; <a href=\"https:\/\/www.youtube.com\/redirect?event=video_description&amp;redir_token=QUFFLUhqa2U5OW9oM1R0dEVRWDZNRW9nV3pneU9WdTdSZ3xBQ3Jtc0trYmpDbVdlUm1wd0I2eDZVbTlWX2tqZzNwZFJ6VFNxYk9NejFIVDd1U0lydnhmelZYNjVSUG5yNHJnNGQySUxmbDJfdER3aFZCZVdKSmllWGhtdWtIV0xtN09lRHV2NnRMcHpuVjE3V1NhM0d0NEJxMA&amp;q=https%3A%2F%2Fwww.alumil.com%2Fserbia%2Fhomeowners&amp;v=XmJxFpgDyic\" target=\"_blank\" rel=\"nofollow noopener\">https:\/\/www.alumil.com\/serbia\/homeowners<\/a><\/li>\n<\/ul>\n<p><\/p>\n<p>Posebnu zahvalnost za ustupanje arhivskog materijala dugujemo:<\/p>\n<ul>\n<li>Muzeju grada Beograda <\/li>\n<li>Arhivu grada Beograda <\/li>\n<li>Milo\u0161u Juri\u0161i\u0107u<\/li>\n<li>Goranu Andjelkovi\u0107u<\/li>\n<li>Galeriji SANU\n<\/li>\n<\/ul>\n<p>U jeku obnove novoformirane dr\u017eave Jugoslavije nakon Drugog svetskog rata, Narodni odbor Beograda je davne 1953 godine odlu\u010dio da preseli svoj Sajam na drugu obalu reke Save. Arhitekta Milorad Pantovi\u0107 je u tu svrhu dobio zadatak da obi\u0111e sve sajmove Evrope i da osmisli ne\u0161to \u0161to nikada pre nije vi\u0111eno u Beogradu &#8211; Pantovi\u0107 je dobio odre\u0161ene ruke da projektuje kako \u017eeli. Uz pomo\u0107 svojih kolega genijalnog in\u017eenjera <strong>Branka \u017de\u017eelja kao i Milana Krsti\u0107a<\/strong>, i njihovim inovativnim pristupom u primeni prednapregnutog betona, kreiran je <strong>KOMPLEKS<\/strong> sajamskih hala i prate\u0107ih objekat koji su se razlikovali od svega do tada izgra\u0111enog u arhitekturi Beograda.<\/p>\n<p><\/p>\n<p>Arhitektura kompleksa izlo\u017ebenih hala je koncipirana po uzoru na principe italijanske kulture gra\u0111enja sportskih i izlo\u017ebenih hala iz sredine dvadesetog veka i kori\u0161\u0107enjem ovalnih oblika vizantijskih formi. Bio je to jedan od najve\u0107ih graditeljskih podviga tada\u0161nje Jugoslavije.\n<\/p>\n<p>U decembru mesecu pro\u0161le godine odr\u017eana je prva protestna \u0161etnju za o\u010duvanje celokupnog kompleksa Beogradskog Sajama, dakle svih Hala sa prate\u0107im objekata. Iako Srbija ima 8500 registrovanih arhitekata, jo\u0161 nekoliko hiljada mladih studenata i apsolvenata arhitekture, Zavod za za\u0161titu spomenika kulture grada Beograda, kao i desetine arhitektonskih udru\u017eenja, uglednih profesora, akademika i in\u017eenjera gra\u0111evinskog esnafa, i mnogih drugih kojih se ovaj problem najdirektnije ti\u010de, <strong>PRVA KONKRETNA AKCIJA<\/strong> za za\u0161titu na\u0161eg najvrednijeg arhitektonskog nasle\u0111a inicirana je od strane glumice <strong>Anite Man\u010di\u0107<\/strong>.<\/p>\n<p><\/p>\n<p>Ova incijativa se uz pomo\u0107 organizacije <strong>Kreni-Promeni<\/strong>, preto\u010dila u jednu vrlo prime\u0107enu i dobro organizovanu akciju koja je obele\u017eila kraj prethodne godine koja je po mnogo \u010demu bila tragi\u010dna.<\/p>\n<p><\/p>\n<p>Nedugo posle protestne \u0161etnje <strong>DOCOMOMO<\/strong> Srbija nacionalna sekcija \u201eMe\u0111unarodne radne grupe za dokumentaciju i konzervaciju gra\u0111evina, mesta i celina modernog pokreta u arhitekturi je zajedno sa Dru\u0161tvom Konzervatora Srbije i Evropa Nostra uputio inicijativu nadle\u017enim institucijama da se hitno izvr\u0161i revizija svih odluka koje se ti\u010du pravne za\u0161tite Beogradskog sajma.<\/p>\n<p><\/p>\n<p><strong>DOCOMOMO<\/strong> internacionalna organizacija koja je posve\u0107ena za\u0161titi graditeljskog i drugog materijalnog nasle\u0111a modernog pokreta u arhitekturi.<\/p>\n<p><\/p>\n<p>U epizodi 26 na\u0161e sagovornice bile su glumica <strong>Anita Man\u010di\u0107<\/strong>, arhitekta <strong>Angelina Joki\u0107<\/strong> ispred organizacije <strong>Kreni-promeni<\/strong>, i <strong>Jelica Jovanovi\u0107<\/strong> predstavnica <strong>DOCOMOMO Srbija<\/strong>.<\/p>\n<p>\n<strong>Poglavlja<\/strong><\/p>\n<p><a href=\"https:\/\/www.youtube.com\/watch?v=XmJxFpgDyic&amp;t=0s\" rel=\"nofollow\">00:00<\/a> Uvod<\/p>\n<p><a href=\"https:\/\/www.youtube.com\/watch?v=XmJxFpgDyic&amp;t=331s\" rel=\"nofollow\">5:31<\/a> Motivi za pokretanje inicijative<\/p>\n<p><a href=\"https:\/\/www.youtube.com\/watch?v=XmJxFpgDyic&amp;t=935s\" rel=\"nofollow\">15:35<\/a> Beograd na vodi \/ propu\u0161tene prilike<\/p>\n<p><a href=\"https:\/\/www.youtube.com\/watch?v=XmJxFpgDyic&amp;t=1498s\" rel=\"nofollow\">24:58<\/a> O se\u0107anjima i emociji arhitekture<\/p>\n<p><a href=\"https:\/\/www.youtube.com\/watch?v=XmJxFpgDyic&amp;t=1828s\" rel=\"nofollow\">30:28<\/a> O istorijatu Kompleksa<\/p>\n<p><a href=\"https:\/\/www.youtube.com\/watch?v=XmJxFpgDyic&amp;t=2295s\" rel=\"nofollow\">38:15<\/a> IMS \u017de\u017eelj, Dizanje kupole Hrama sv. Save<\/p>\n<p><a href=\"https:\/\/www.youtube.com\/watch?v=XmJxFpgDyic&amp;t=2920s\" rel=\"nofollow\">48:40<\/a> Protesta \u0161etnja &#8222;Sajam je na\u0161&#8220;<\/p>\n<p><a href=\"https:\/\/www.youtube.com\/watch?v=XmJxFpgDyic&amp;t=3400s\" rel=\"nofollow\">56:40<\/a> O slobodi mi\u0161ljenja<\/p>\n<p><a href=\"https:\/\/www.youtube.com\/watch?v=XmJxFpgDyic&amp;t=3952s\" rel=\"nofollow\">1:05:52<\/a> Jugoslovenski modernizam i MOMA izlo\u017eba<\/p>\n<p><a href=\"https:\/\/www.youtube.com\/watch?v=XmJxFpgDyic&amp;t=4560s\" rel=\"nofollow\">1:16:00<\/a> O mogu\u0107oj prenameni<\/p>\n<p><a href=\"https:\/\/www.youtube.com\/watch?v=XmJxFpgDyic&amp;t=4775s\" rel=\"nofollow\">1:19:35<\/a> Ekolo\u0161ki problem<\/p>\n<p><a href=\"https:\/\/www.youtube.com\/watch?v=XmJxFpgDyic&amp;t=4875s\" rel=\"nofollow\">1:21:15<\/a> Poruka za institucije i stru\u010dna udru\u017eenja !\n<\/p>\n<p>\n<strong>KREATIVNI TIM<\/strong><\/p>\n<p><strong>Autori i urednici<\/strong><\/p>\n<ul>\n<li>Miljan Salata<\/li>\n<li>Igor Mikiti\u0161in<\/li>\n<li>Nemanja Da\u010di\u0107<\/li>\n<li>Denis Turanovi\u0107<\/li>\n<\/ul>\n<p><strong>Voditelj<\/strong><\/p>\n<p>Miljan Salata<br \/>\n&#8230;.<\/p>\n<p><strong>Vizuelni identitet<\/strong><\/p>\n<p>Denis Turanovi\u0107<br \/>\n&#8230;.<br \/>\n<strong>Direktor fotografije<\/strong><\/p>\n<p>Nemanja Da\u010di\u0107<br \/>\n&#8230;.<br \/>\n<strong>Monta\u017ea i zvuk<\/strong><\/p>\n<p>Luka Juki\u0107<br \/>\n&#8230;.<\/p>\n<p><strong>Social media content<\/strong><\/p>\n<p>Kristina Vukovi\u0107<br \/>\n&#8230;.<\/p>\n<p><strong>Foto dron<\/strong><\/p>\n<p>Milan Jaki\u0107<br \/>\n&#8230;.<\/p>\n<p><strong>Dru\u0161tvene mre\u017ee<\/strong><\/p>\n<p><a href=\"https:\/\/www.youtube.com\/redirect?event=video_description&amp;redir_token=QUFFLUhqbnJZa3BtSWprVG5rNS1meHhHdjVKQTF2TEx6d3xBQ3Jtc0trSjhNQjhQX01hVElyekY0OGp1alE1dDFKeWVHMGZMcVJtVV8wODU2bnVNLVNQd09fYXNGWTdScHIwZUx2Y3JTNFBMT1F5T0kteWFvZkFjVk9JZmpGcGkybEMyUXpiNHd1aURWOURNRzdkWERVaWcxbw&amp;q=https%3A%2F%2Flinktr.ee%2Fsfera_podcast&amp;v=XmJxFpgDyic\" target=\"_blank\" rel=\"nofollow noopener\">https:\/\/linktr.ee\/sfera_podcast<\/a><\/p>\n<p>ZABRANJENO JE SVAKO KOPIRANJE I PREUZIMANJE, U DELOVIMA ILI U CELOSTI, BEZ ODOBRENJA AUTORA I PRODUKCIJE KOJA JE VLASNIK MATERIJALA.<\/p>\n<p>Podcast SFERA \ud83c\udf1a<\/p>","protected":false},"excerpt":{"rendered":"<p>Online peticija: https:\/\/peticije.kreni-promeni.org\/pe&#8230; \ud83e\udef6 CEO RAZGOVOR mo\u017eete poslu\u0161ati na PATREON-u! \ud83e\udef6 Podr\u0161ka mese\u010dnim donacijama \u00a0\u00a0\/\u00a0sferapodcast\u00a0\u00a0 \ud83e\udef6 Podr\u0161ka jednokratnom donacijom https:\/\/www.paypal.com\/paypalme\/podca&#8230; Sponzori Graphisoft &#8211; https:\/\/graphisoft.com\/ Grohe &#8211; https:\/\/www.grohe.rs\/sr_rs\/ Alumil &#8211; https:\/\/www.alumil.com\/serbia\/homeowners Posebnu zahvalnost za ustupanje arhivskog materijala dugujemo: Muzeju grada Beograda Arhivu grada Beograda Milo\u0161u Juri\u0161i\u0107u Goranu Andjelkovi\u0107u Galeriji SANU U jeku obnove novoformirane dr\u017eave Jugoslavije&#8230;<\/p>","protected":false},"author":3,"featured_media":69113,"comment_status":"close","ping_status":"closed","sticky":false,"template":"","format":"audio","meta":{"footnotes":""},"categories":[501],"tags":[],"class_list":["post-101570","post","type-post","status-publish","format-audio","has-post-thumbnail","hentry","category-sfera","post_format-post-format-audio"],"_links":{"self":[{"href":"https:\/\/podcast.rs\/en\/wp-json\/wp\/v2\/posts\/101570","targetHints":{"allow":["GET"]}}],"collection":[{"href":"https:\/\/podcast.rs\/en\/wp-json\/wp\/v2\/posts"}],"about":[{"href":"https:\/\/podcast.rs\/en\/wp-json\/wp\/v2\/types\/post"}],"author":[{"embeddable":true,"href":"https:\/\/podcast.rs\/en\/wp-json\/wp\/v2\/users\/3"}],"replies":[{"embeddable":true,"href":"https:\/\/podcast.rs\/en\/wp-json\/wp\/v2\/comments?post=101570"}],"version-history":[{"count":1,"href":"https:\/\/podcast.rs\/en\/wp-json\/wp\/v2\/posts\/101570\/revisions"}],"predecessor-version":[{"id":101571,"href":"https:\/\/podcast.rs\/en\/wp-json\/wp\/v2\/posts\/101570\/revisions\/101571"}],"wp:featuredmedia":[{"embeddable":true,"href":"https:\/\/podcast.rs\/en\/wp-json\/wp\/v2\/media\/69113"}],"wp:attachment":[{"href":"https:\/\/podcast.rs\/en\/wp-json\/wp\/v2\/media?parent=101570"}],"wp:term":[{"taxonomy":"category","embeddable":true,"href":"https:\/\/podcast.rs\/en\/wp-json\/wp\/v2\/categories?post=101570"},{"taxonomy":"post_tag","embeddable":true,"href":"https:\/\/podcast.rs\/en\/wp-json\/wp\/v2\/tags?post=101570"}],"curies":[{"name":"wp","href":"https:\/\/api.w.org\/{rel}","templated":true}]}}