{"id":100885,"date":"2024-02-21T14:06:00","date_gmt":"2024-02-21T13:06:00","guid":{"rendered":"https:\/\/podcast.rs\/?p=100885"},"modified":"2024-02-21T18:39:03","modified_gmt":"2024-02-21T16:39:03","slug":"kampanja-vote-16","status":"publish","type":"post","link":"https:\/\/podcast.rs\/en\/kampanja-vote-16\/","title":{"rendered":"Kampanja &#8222;Vote 16&#8220;"},"content":{"rendered":"<p dir=\"ltr\"><span>Petnaestogodi\u0161nja Lorina ka\u017ee bi glasala slede\u0107e godine na izborima. <\/span><span>Za\u0161to je to va\u017eno? Sa jedne strane jer to ne mo\u017ee, nema glasa\u010dko pravo, a sa druge strane jer postoji kampanja koja se zove Vote 16 i koja se zala\u017ee upravo za to &#8211; da mladi sa navr\u0161enih 16 godina mogu da glasaju.<\/span><\/p>\n<p dir=\"ltr\"><span>Evropski omladinski forum zagovara tu ideju, a ova kampanja nije novina u svetu. Dr\u017eave koje su usvojile ovaj model pokazuju dobre rezultate kada je u pitanju informisanost mladih o politi\u010dkim procesima, ali i uklju\u010divanju u njih. Na primer, na predstoje\u0107im izborima za Evropski parlament ove godine pravo glasa \u0107e imati i \u0161esnaestogodi\u0161nji Nemci. Ne\u0161to je druga\u010dija situacija sa izborima za Bundestag &#8211; tu se jo\u0161 nije odlu\u010dilo. Primeri gde mladi mogu da glasaju sa 16 godina su izme\u0111u ostalih i UK, Malta i Austrija. <\/span><\/p>\n<div><span><br \/><\/span><\/div>","protected":false},"excerpt":{"rendered":"<p>Petnaestogodi\u0161nja Lorina ka\u017ee bi glasala slede\u0107e godine na izborima. Za\u0161to je to va\u017eno? Sa jedne strane jer to ne mo\u017ee, nema glasa\u010dko pravo, a sa druge strane jer postoji kampanja koja se zove Vote 16 i koja se zala\u017ee upravo za to &#8211; da mladi sa navr\u0161enih 16 godina mogu da glasaju. Evropski omladinski forum&#8230;<\/p>","protected":false},"author":3,"featured_media":54663,"comment_status":"close","ping_status":"closed","sticky":false,"template":"","format":"audio","meta":{"footnotes":""},"categories":[432],"tags":[],"class_list":["post-100885","post","type-post","status-publish","format-audio","has-post-thumbnail","hentry","category-u-kakvoj-zemlji-zelim-da-zivim","post_format-post-format-audio"],"_links":{"self":[{"href":"https:\/\/podcast.rs\/en\/wp-json\/wp\/v2\/posts\/100885","targetHints":{"allow":["GET"]}}],"collection":[{"href":"https:\/\/podcast.rs\/en\/wp-json\/wp\/v2\/posts"}],"about":[{"href":"https:\/\/podcast.rs\/en\/wp-json\/wp\/v2\/types\/post"}],"author":[{"embeddable":true,"href":"https:\/\/podcast.rs\/en\/wp-json\/wp\/v2\/users\/3"}],"replies":[{"embeddable":true,"href":"https:\/\/podcast.rs\/en\/wp-json\/wp\/v2\/comments?post=100885"}],"version-history":[{"count":1,"href":"https:\/\/podcast.rs\/en\/wp-json\/wp\/v2\/posts\/100885\/revisions"}],"predecessor-version":[{"id":100886,"href":"https:\/\/podcast.rs\/en\/wp-json\/wp\/v2\/posts\/100885\/revisions\/100886"}],"wp:featuredmedia":[{"embeddable":true,"href":"https:\/\/podcast.rs\/en\/wp-json\/wp\/v2\/media\/54663"}],"wp:attachment":[{"href":"https:\/\/podcast.rs\/en\/wp-json\/wp\/v2\/media?parent=100885"}],"wp:term":[{"taxonomy":"category","embeddable":true,"href":"https:\/\/podcast.rs\/en\/wp-json\/wp\/v2\/categories?post=100885"},{"taxonomy":"post_tag","embeddable":true,"href":"https:\/\/podcast.rs\/en\/wp-json\/wp\/v2\/tags?post=100885"}],"curies":[{"name":"wp","href":"https:\/\/api.w.org\/{rel}","templated":true}]}}