{"id":100820,"date":"2024-02-19T18:00:56","date_gmt":"2024-02-19T17:00:56","guid":{"rendered":"https:\/\/podcast.rs\/?p=100820"},"modified":"2024-02-19T20:24:47","modified_gmt":"2024-02-19T18:24:47","slug":"sjeverna-makedonija-i-njen-albanski-premijer","status":"publish","type":"post","link":"https:\/\/podcast.rs\/en\/sjeverna-makedonija-i-njen-albanski-premijer\/","title":{"rendered":"Sjeverna Makedonija i njen albanski premijer"},"content":{"rendered":"<p>      Sjeverna Makedonija se priprema za predsjedni\u010dke i parlamentarne izbore. Prijelazna vlada, \u010diji je zadatak pripremiti i odr\u017eati fer i transparentne izbore, za premijera je postavila Talata D\u017eaferija. Iako njegovo ime nije novo u makedonskoj politici, ipak se radi o presedanu, jer je D\u017eaferi prvi etni\u010dki Albanac na toj poziciji. \u0160to to zna\u010di za Sjevernu Makedoniju, obja\u0161njava profesor sociologije \u0110or\u0111i Tonovski, dok Marija Divitarova donosi presjek reakcija na tu odluku.<\/p>","protected":false},"excerpt":{"rendered":"<p>Sjeverna Makedonija se priprema za predsjedni\u010dke i parlamentarne izbore. Prijelazna vlada, \u010diji je zadatak pripremiti i odr\u017eati fer i transparentne izbore, za premijera je postavila Talata D\u017eaferija. Iako njegovo ime nije novo u makedonskoj politici, ipak se radi o presedanu, jer je D\u017eaferi prvi etni\u010dki Albanac na toj poziciji. \u0160to to zna\u010di za Sjevernu Makedoniju,&#8230;<\/p>","protected":false},"author":3,"featured_media":48737,"comment_status":"close","ping_status":"closed","sticky":false,"template":"","format":"audio","meta":{"footnotes":""},"categories":[183],"tags":[],"class_list":["post-100820","post","type-post","status-publish","format-audio","has-post-thumbnail","hentry","category-cosmo","post_format-post-format-audio"],"_links":{"self":[{"href":"https:\/\/podcast.rs\/en\/wp-json\/wp\/v2\/posts\/100820","targetHints":{"allow":["GET"]}}],"collection":[{"href":"https:\/\/podcast.rs\/en\/wp-json\/wp\/v2\/posts"}],"about":[{"href":"https:\/\/podcast.rs\/en\/wp-json\/wp\/v2\/types\/post"}],"author":[{"embeddable":true,"href":"https:\/\/podcast.rs\/en\/wp-json\/wp\/v2\/users\/3"}],"replies":[{"embeddable":true,"href":"https:\/\/podcast.rs\/en\/wp-json\/wp\/v2\/comments?post=100820"}],"version-history":[{"count":1,"href":"https:\/\/podcast.rs\/en\/wp-json\/wp\/v2\/posts\/100820\/revisions"}],"predecessor-version":[{"id":100821,"href":"https:\/\/podcast.rs\/en\/wp-json\/wp\/v2\/posts\/100820\/revisions\/100821"}],"wp:featuredmedia":[{"embeddable":true,"href":"https:\/\/podcast.rs\/en\/wp-json\/wp\/v2\/media\/48737"}],"wp:attachment":[{"href":"https:\/\/podcast.rs\/en\/wp-json\/wp\/v2\/media?parent=100820"}],"wp:term":[{"taxonomy":"category","embeddable":true,"href":"https:\/\/podcast.rs\/en\/wp-json\/wp\/v2\/categories?post=100820"},{"taxonomy":"post_tag","embeddable":true,"href":"https:\/\/podcast.rs\/en\/wp-json\/wp\/v2\/tags?post=100820"}],"curies":[{"name":"wp","href":"https:\/\/api.w.org\/{rel}","templated":true}]}}