{"id":100790,"date":"2024-02-18T20:37:59","date_gmt":"2024-02-18T18:37:59","guid":{"rendered":"https:\/\/podcast.rs\/eskalacija-humanitarne-krize-u-gazi-bosko-jaksic-agelast-219\/"},"modified":"2026-04-29T04:06:17","modified_gmt":"2026-04-29T02:06:17","slug":"eskalacija-humanitarne-krize-u-gazi-bosko-jaksic-agelast-219","status":"publish","type":"post","link":"https:\/\/podcast.rs\/en\/eskalacija-humanitarne-krize-u-gazi-bosko-jaksic-agelast-219\/","title":{"rendered":"Eskalacija humanitarne krize u Gazi | Bo\u0161ko Jak\u0161i\u0107 | Agelast 219"},"content":{"rendered":"<p>Podr\u017eite me na Patreonu: <a href=\"https:\/\/www.patreon.com\/agelast\">https:\/\/www.patreon.com\/agelast<\/a><\/p>\n<p>Jednokratne donacije kanalu: <a href=\"https:\/\/www.paypal.me\/agelastpodcast\">https:\/\/www.paypal.me\/agelastpodcast<\/a><\/p>\n<p>Kripto donacije: BTC: 1BdrToPVPRbMtzPkdX8z3wviTHZZyzqD7w<\/p>\n<p>ETH: 0xe189975f215102DD2e2442B060D00b524a608167<\/p>\n<p>FB: <a href=\"https:\/\/www.facebook.com\/galebnikacevic\">https:\/\/www.facebook.com\/galebnikacevic<\/a><\/p>\n<p>Instagram: <a href=\"https:\/\/www.instagram.com\/agelast_\/\">https:\/\/www.instagram.com\/agelast_\/<\/a><\/p>\n<p>Twitter: <a href=\"https:\/\/twitter.com\/GalebNikacevic\">https:\/\/twitter.com\/GalebNikacev<\/a><\/p>\n<p>A1: <a href=\"https:\/\/a1.rs\/privatni\">https:\/\/a1.rs\/privatni<\/a><\/p>\n<p>U pro\u0161lonedeljnoj epizodi sa prof. dr Ivanom Vuja\u010di\u0107em smo razgovarali o fenomenu globalizacije, potom uloge SAD, Kine i Rusije i dinamici njihovih odnosa od kojih zavise mnogi globalni procesi. Time smo \u017eeleli da do\u0111emo do jasnijeg razumevanja prirode i istorije odnosa SAD prema Izraelu i za\u0161to im, u ovakvom sukobu kojem svedo\u010dimo svakoga dana u pojasu Gaze, daju tako bezrezervnu podr\u0161ku. Ove nedelje donosimo vam svojevrsni nastavak tog razgovora sa gostom kojeg ste ve\u0107 imali prilike da \u010dujete, a u pitanju je novinar i stru\u010dnjak za teme Bliskog istoka, Bo\u0161ko Jak\u0161i\u0107. U prvom razgovoru sa njime pozabavili smo se doga\u0111ajima 7. oktobra 2023. godine i govorili smo o istoriji konflikta u Palestini, ali od tog trenutka do danas razvoj doga\u0111aja je bio takav da je neophodno napraviti, ne samo pregled svega \u0161to se de\u0161avalo, ve\u0107 poku\u0161ati dati odgovore na goru\u0107a pitanja o humanitarnoj krizi i njenom potencijalnom zavr\u0161etku. Kako je svet reagovao na dosada\u0161nju eskalaciju nasilja i \u0161ta sve to zna\u010di, kako za stanovnike pojasa Gaze, preko celokupne politike i dinamike odnosa na Bliskom istoku, a potom i za ceo svet.<\/p>\n<p>Audio: Marko Ignjatovi\u0107<\/p>\n<p>Instagram:<\/p>\n<p>Galeb Nika\u010devi\u0107 Hasci-Jare: <a href=\"https:\/\/www.instagram.com\/agelast_\/\">https:\/\/www.instagram.com\/agelast_\/<\/a><\/p>\n<p>Sandra Planojevi\u0107: <a href=\"https:\/\/www.instagram.com\/run_lola_run_7\/\">https:\/\/www.instagram.com\/run_lola_run_7\/<\/a><\/p>\n<p>Audio: Marko Ignjatovi\u0107<\/p>\n<p>Instagram:<\/p>\n<p>Galeb Nika\u010devi\u0107 Hasci-Jare: <a href=\"https:\/\/www.instagram.com\/agelast_\/\">https:\/\/www.instagram.com\/agelast_\/<\/a><\/p>\n<p>Sandra Planojevi\u0107: <a href=\"https:\/\/www.instagram.com\/run_lola_run_7\/\">https:\/\/www.instagram.com\/run_lola_run_7\/<\/a><\/p>","protected":false},"excerpt":{"rendered":"<p>Podr\u017eite me na Patreonu: https:\/\/www.patreon.com\/agelast Jednokratne donacije kanalu: https:\/\/www.paypal.me\/agelastpodcast Kripto donacije: BTC: 1BdrToPVPRbMtzPkdX8z3wviTHZZyzqD7w ETH: 0xe189975f215102DD2e2442B060D00b524a608167 FB: https:\/\/www.facebook.com\/galebnikacevic Instagram: https:\/\/www.instagram.com\/agelast_\/ Twitter: https:\/\/twitter.com\/GalebNikacev A1: https:\/\/a1.rs\/privatni U pro\u0161lonedeljnoj epizodi sa prof. dr Ivanom Vuja\u010di\u0107em smo razgovarali o fenomenu globalizacije, potom uloge SAD, Kine i Rusije i dinamici njihovih odnosa od kojih zavise mnogi globalni procesi. Time smo \u017eeleli&#8230;<\/p>","protected":false},"author":3,"featured_media":392990,"comment_status":"closed","ping_status":"closed","sticky":false,"template":"","format":"standard","meta":{"footnotes":""},"categories":[27],"tags":[],"class_list":["post-100790","post","type-post","status-publish","format-standard","has-post-thumbnail","hentry","category-agelast"],"_links":{"self":[{"href":"https:\/\/podcast.rs\/en\/wp-json\/wp\/v2\/posts\/100790","targetHints":{"allow":["GET"]}}],"collection":[{"href":"https:\/\/podcast.rs\/en\/wp-json\/wp\/v2\/posts"}],"about":[{"href":"https:\/\/podcast.rs\/en\/wp-json\/wp\/v2\/types\/post"}],"author":[{"embeddable":true,"href":"https:\/\/podcast.rs\/en\/wp-json\/wp\/v2\/users\/3"}],"replies":[{"embeddable":true,"href":"https:\/\/podcast.rs\/en\/wp-json\/wp\/v2\/comments?post=100790"}],"version-history":[{"count":1,"href":"https:\/\/podcast.rs\/en\/wp-json\/wp\/v2\/posts\/100790\/revisions"}],"predecessor-version":[{"id":100792,"href":"https:\/\/podcast.rs\/en\/wp-json\/wp\/v2\/posts\/100790\/revisions\/100792"}],"wp:featuredmedia":[{"embeddable":true,"href":"https:\/\/podcast.rs\/en\/wp-json\/wp\/v2\/media\/392990"}],"wp:attachment":[{"href":"https:\/\/podcast.rs\/en\/wp-json\/wp\/v2\/media?parent=100790"}],"wp:term":[{"taxonomy":"category","embeddable":true,"href":"https:\/\/podcast.rs\/en\/wp-json\/wp\/v2\/categories?post=100790"},{"taxonomy":"post_tag","embeddable":true,"href":"https:\/\/podcast.rs\/en\/wp-json\/wp\/v2\/tags?post=100790"}],"curies":[{"name":"wp","href":"https:\/\/api.w.org\/{rel}","templated":true}]}}