{"id":100655,"date":"2023-09-28T11:48:59","date_gmt":"2023-09-28T09:48:59","guid":{"rendered":"https:\/\/podcast.rs\/az-ertekmero\/"},"modified":"2023-09-28T11:48:59","modified_gmt":"2023-09-28T09:48:59","slug":"az-ertekmero","status":"publish","type":"post","link":"https:\/\/podcast.rs\/en\/az-ertekmero\/","title":{"rendered":"Az \u00e9rt\u00e9km\u00e9r\u0151"},"content":{"rendered":"<p>Megm\u00e9rettettek a nemzetk\u00f6zi porondon a hazai futballcsapatok, \u00e9s k\u00f6nny\u0171nek tal\u00e1ltattak. Az UEFA az \u00e1ltala szervezett kupasorozatokban a kor\u00e1bbi eredm\u00e9nyek alapj\u00e1n hat\u00e1rozza meg minden orsz\u00e1g eset\u00e9ben, hogy h\u00e1ny klubja vehet r\u00e9szt a k\u00fcl\u00f6nb\u00f6z\u0151 kupaversenyekben. (Fot\u00f3: Nemes M\u00e1t\u00e9 bronz\u00e9rmes lett, \u00e9s olimpiai <a href=\"https:\/\/podcast.szabadmagyarszo.com\/podcast\/az-ertekmero\/\"> Read more\u2026<\/a><\/p>","protected":false},"excerpt":{"rendered":"<p>Megm\u00e9rettettek a nemzetk\u00f6zi porondon a hazai futballcsapatok, \u00e9s k\u00f6nny\u0171nek tal\u00e1ltattak. Az UEFA az \u00e1ltala szervezett kupasorozatokban a kor\u00e1bbi eredm\u00e9nyek alapj\u00e1n hat\u00e1rozza meg minden orsz\u00e1g ese<\/p>","protected":false},"author":4,"featured_media":100593,"comment_status":"","ping_status":"closed","sticky":false,"template":"","format":"standard","meta":{"footnotes":""},"categories":[588],"tags":[],"class_list":["post-100655","post","type-post","status-publish","format-standard","has-post-thumbnail","hentry","category-szabad-magyar-szo"],"_links":{"self":[{"href":"https:\/\/podcast.rs\/en\/wp-json\/wp\/v2\/posts\/100655","targetHints":{"allow":["GET"]}}],"collection":[{"href":"https:\/\/podcast.rs\/en\/wp-json\/wp\/v2\/posts"}],"about":[{"href":"https:\/\/podcast.rs\/en\/wp-json\/wp\/v2\/types\/post"}],"author":[{"embeddable":true,"href":"https:\/\/podcast.rs\/en\/wp-json\/wp\/v2\/users\/4"}],"replies":[{"embeddable":true,"href":"https:\/\/podcast.rs\/en\/wp-json\/wp\/v2\/comments?post=100655"}],"version-history":[{"count":0,"href":"https:\/\/podcast.rs\/en\/wp-json\/wp\/v2\/posts\/100655\/revisions"}],"wp:featuredmedia":[{"embeddable":true,"href":"https:\/\/podcast.rs\/en\/wp-json\/wp\/v2\/media\/100593"}],"wp:attachment":[{"href":"https:\/\/podcast.rs\/en\/wp-json\/wp\/v2\/media?parent=100655"}],"wp:term":[{"taxonomy":"category","embeddable":true,"href":"https:\/\/podcast.rs\/en\/wp-json\/wp\/v2\/categories?post=100655"},{"taxonomy":"post_tag","embeddable":true,"href":"https:\/\/podcast.rs\/en\/wp-json\/wp\/v2\/tags?post=100655"}],"curies":[{"name":"wp","href":"https:\/\/api.w.org\/{rel}","templated":true}]}}