{"id":100651,"date":"2023-10-12T05:45:00","date_gmt":"2023-10-12T03:45:00","guid":{"rendered":"https:\/\/podcast.rs\/az-igergetesek-kora\/"},"modified":"2023-10-12T05:45:00","modified_gmt":"2023-10-12T03:45:00","slug":"az-igergetesek-kora","status":"publish","type":"post","link":"https:\/\/podcast.rs\/en\/az-igergetesek-kora\/","title":{"rendered":"Az \u00edg\u00e9rget\u00e9sek kora"},"content":{"rendered":"<p>Nem tudom, hogy az \u00fajvid\u00e9ki vas\u00fati p\u00e1lyaudvaron l\u00e1that\u00f3-e m\u00e9g az a mintegy m\u00e1sf\u00e9l m\u00e9ternyi s\u00ednp\u00e1r a n\u00e9h\u00e1ny talpf\u00e1val egy\u00fctt, amelyet annak idej\u00e9n Szerbia korm\u00e1nyf\u0151je (aki azonos a mai \u00e1llameln\u00f6kkel) a K\u00ednai N\u00e9pk\u00f6zt\u00e1rsas\u00e1g belgr\u00e1di nagyk\u00f6vet\u00e9vel egyetemben felavatott. A k\u00eds\u00e9r\u0151 sz\u00f6veg, illetve <a href=\"https:\/\/podcast.szabadmagyarszo.com\/podcast\/az-igergetesek-kora\/\"> Read more\u2026<\/a><\/p>","protected":false},"excerpt":{"rendered":"<p>Nem tudom, hogy az \u00fajvid\u00e9ki vas\u00fati p\u00e1lyaudvaron l\u00e1that\u00f3-e m\u00e9g az a mintegy m\u00e1sf\u00e9l m\u00e9ternyi s\u00ednp\u00e1r a n\u00e9h\u00e1ny talpf\u00e1val egy\u00fctt, amelyet annak idej\u00e9n Szerbia korm\u00e1nyf&#038;#<\/p>","protected":false},"author":4,"featured_media":100590,"comment_status":"","ping_status":"closed","sticky":false,"template":"","format":"standard","meta":{"footnotes":""},"categories":[588],"tags":[],"class_list":["post-100651","post","type-post","status-publish","format-standard","has-post-thumbnail","hentry","category-szabad-magyar-szo"],"_links":{"self":[{"href":"https:\/\/podcast.rs\/en\/wp-json\/wp\/v2\/posts\/100651","targetHints":{"allow":["GET"]}}],"collection":[{"href":"https:\/\/podcast.rs\/en\/wp-json\/wp\/v2\/posts"}],"about":[{"href":"https:\/\/podcast.rs\/en\/wp-json\/wp\/v2\/types\/post"}],"author":[{"embeddable":true,"href":"https:\/\/podcast.rs\/en\/wp-json\/wp\/v2\/users\/4"}],"replies":[{"embeddable":true,"href":"https:\/\/podcast.rs\/en\/wp-json\/wp\/v2\/comments?post=100651"}],"version-history":[{"count":0,"href":"https:\/\/podcast.rs\/en\/wp-json\/wp\/v2\/posts\/100651\/revisions"}],"wp:featuredmedia":[{"embeddable":true,"href":"https:\/\/podcast.rs\/en\/wp-json\/wp\/v2\/media\/100590"}],"wp:attachment":[{"href":"https:\/\/podcast.rs\/en\/wp-json\/wp\/v2\/media?parent=100651"}],"wp:term":[{"taxonomy":"category","embeddable":true,"href":"https:\/\/podcast.rs\/en\/wp-json\/wp\/v2\/categories?post=100651"},{"taxonomy":"post_tag","embeddable":true,"href":"https:\/\/podcast.rs\/en\/wp-json\/wp\/v2\/tags?post=100651"}],"curies":[{"name":"wp","href":"https:\/\/api.w.org\/{rel}","templated":true}]}}