{"id":100634,"date":"2024-01-25T12:23:07","date_gmt":"2024-01-25T10:23:07","guid":{"rendered":"https:\/\/podcast.rs\/a-sztrumicai-natha\/"},"modified":"2024-01-25T12:23:07","modified_gmt":"2024-01-25T10:23:07","slug":"a-sztrumicai-natha","status":"publish","type":"post","link":"https:\/\/podcast.rs\/en\/a-sztrumicai-natha\/","title":{"rendered":"A sztrumicai n\u00e1tha"},"content":{"rendered":"<p>\u00c9szak-Maced\u00f3nia egyik kisv\u00e1ros\u00e1ban rendezt\u00e9k azt a nemzetk\u00f6zi r\u00f6plabdatorn\u00e1t, amelyen egym\u00e1s ellen kellett (volna) j\u00e1tszania Szerbia \u00e9s Koszov\u00f3 koroszt\u00e1lyos v\u00e1logatottjainak.<\/p>","protected":false},"excerpt":{"rendered":"<p>\u00c9szak-Maced\u00f3nia egyik kisv\u00e1ros\u00e1ban rendezt\u00e9k azt a nemzetk\u00f6zi r\u00f6plabdatorn\u00e1t, amelyen egym\u00e1s ellen kellett (volna) j\u00e1tszania Szerbia \u00e9s Koszov\u00f3 koroszt\u00e1lyos v\u00e1logatottjainak.<\/p>","protected":false},"author":4,"featured_media":100576,"comment_status":"","ping_status":"closed","sticky":false,"template":"","format":"standard","meta":{"footnotes":""},"categories":[588],"tags":[],"class_list":["post-100634","post","type-post","status-publish","format-standard","has-post-thumbnail","hentry","category-szabad-magyar-szo"],"_links":{"self":[{"href":"https:\/\/podcast.rs\/en\/wp-json\/wp\/v2\/posts\/100634","targetHints":{"allow":["GET"]}}],"collection":[{"href":"https:\/\/podcast.rs\/en\/wp-json\/wp\/v2\/posts"}],"about":[{"href":"https:\/\/podcast.rs\/en\/wp-json\/wp\/v2\/types\/post"}],"author":[{"embeddable":true,"href":"https:\/\/podcast.rs\/en\/wp-json\/wp\/v2\/users\/4"}],"replies":[{"embeddable":true,"href":"https:\/\/podcast.rs\/en\/wp-json\/wp\/v2\/comments?post=100634"}],"version-history":[{"count":0,"href":"https:\/\/podcast.rs\/en\/wp-json\/wp\/v2\/posts\/100634\/revisions"}],"wp:featuredmedia":[{"embeddable":true,"href":"https:\/\/podcast.rs\/en\/wp-json\/wp\/v2\/media\/100576"}],"wp:attachment":[{"href":"https:\/\/podcast.rs\/en\/wp-json\/wp\/v2\/media?parent=100634"}],"wp:term":[{"taxonomy":"category","embeddable":true,"href":"https:\/\/podcast.rs\/en\/wp-json\/wp\/v2\/categories?post=100634"},{"taxonomy":"post_tag","embeddable":true,"href":"https:\/\/podcast.rs\/en\/wp-json\/wp\/v2\/tags?post=100634"}],"curies":[{"name":"wp","href":"https:\/\/api.w.org\/{rel}","templated":true}]}}