{"id":100378,"date":"2024-02-16T17:30:34","date_gmt":"2024-02-16T16:30:34","guid":{"rendered":"https:\/\/podcast.rs\/?p=100378"},"modified":"2024-02-16T20:26:26","modified_gmt":"2024-02-16T18:26:26","slug":"glas-boze-vrece-tvoj-korzo-petkom","status":"publish","type":"post","link":"https:\/\/podcast.rs\/en\/glas-boze-vrece-tvoj-korzo-petkom\/","title":{"rendered":"Glas Bo\u017ee Vre\u0107e &#8211;  Tvoj Korzo petkom"},"content":{"rendered":"<p>      Nenad Kreizer razgovara s vokalnim umjetnikom Bo\u017eom Vre\u0107om koji ovog mjeseca dolazi u K\u00f6ln gdje \u0107e odr\u017eati svoj, za sad, jedini njema\u010dki koncert. Za\u0161to je sevdalinka popularna u svim dijelovima biv\u0161e Jugoslavije, \u010dak i mnogo \u0161ire, \u0161to se za druge \u017eanrove narodne glazbe ne bi moglo re\u0107i? Iz Sarajeva se javlja reporter Zoran \u0106ati\u0107 i donosi novosti sa scene u Bosni i Hercegovini. Slu\u0161amo novu glazbu, Fani Solomun (Vara\u017edin) i &#8222;Metak&#8220; kao i sastav BruhUuhu (Zenica) s pjesmom \u201cMo\u017eda su i mo\u017eda ne&#8220;.<\/p>","protected":false},"excerpt":{"rendered":"<p>Nenad Kreizer razgovara s vokalnim umjetnikom Bo\u017eom Vre\u0107om koji ovog mjeseca dolazi u K\u00f6ln gdje \u0107e odr\u017eati svoj, za sad, jedini njema\u010dki koncert. Za\u0161to je sevdalinka popularna u svim dijelovima biv\u0161e Jugoslavije, \u010dak i mnogo \u0161ire, \u0161to se za druge \u017eanrove narodne glazbe ne bi moglo re\u0107i? Iz Sarajeva se javlja reporter Zoran \u0106ati\u0107 i&#8230;<\/p>","protected":false},"author":3,"featured_media":48737,"comment_status":"close","ping_status":"closed","sticky":false,"template":"","format":"audio","meta":{"footnotes":""},"categories":[183],"tags":[],"class_list":["post-100378","post","type-post","status-publish","format-audio","has-post-thumbnail","hentry","category-cosmo","post_format-post-format-audio"],"_links":{"self":[{"href":"https:\/\/podcast.rs\/en\/wp-json\/wp\/v2\/posts\/100378","targetHints":{"allow":["GET"]}}],"collection":[{"href":"https:\/\/podcast.rs\/en\/wp-json\/wp\/v2\/posts"}],"about":[{"href":"https:\/\/podcast.rs\/en\/wp-json\/wp\/v2\/types\/post"}],"author":[{"embeddable":true,"href":"https:\/\/podcast.rs\/en\/wp-json\/wp\/v2\/users\/3"}],"replies":[{"embeddable":true,"href":"https:\/\/podcast.rs\/en\/wp-json\/wp\/v2\/comments?post=100378"}],"version-history":[{"count":1,"href":"https:\/\/podcast.rs\/en\/wp-json\/wp\/v2\/posts\/100378\/revisions"}],"predecessor-version":[{"id":100379,"href":"https:\/\/podcast.rs\/en\/wp-json\/wp\/v2\/posts\/100378\/revisions\/100379"}],"wp:featuredmedia":[{"embeddable":true,"href":"https:\/\/podcast.rs\/en\/wp-json\/wp\/v2\/media\/48737"}],"wp:attachment":[{"href":"https:\/\/podcast.rs\/en\/wp-json\/wp\/v2\/media?parent=100378"}],"wp:term":[{"taxonomy":"category","embeddable":true,"href":"https:\/\/podcast.rs\/en\/wp-json\/wp\/v2\/categories?post=100378"},{"taxonomy":"post_tag","embeddable":true,"href":"https:\/\/podcast.rs\/en\/wp-json\/wp\/v2\/tags?post=100378"}],"curies":[{"name":"wp","href":"https:\/\/api.w.org\/{rel}","templated":true}]}}